{"id":7156,"date":"2026-07-31T12:45:10","date_gmt":"2026-07-31T09:45:10","guid":{"rendered":"https:\/\/radarmedia.ro\/?p=7156"},"modified":"2026-07-31T12:45:10","modified_gmt":"2026-07-31T09:45:10","slug":"a-taiat-monitorizarea-dar-nu-a-scapat-de-politisti-barbat-trimis-in-arest-dupa-ce-si-a-distrus-bratara-electronica","status":"publish","type":"post","link":"https:\/\/radarmedia.ro\/index.php\/2026\/07\/31\/a-taiat-monitorizarea-dar-nu-a-scapat-de-politisti-barbat-trimis-in-arest-dupa-ce-si-a-distrus-bratara-electronica\/","title":{"rendered":"A \u201et\u0103iat\u201d monitorizarea, dar nu a sc\u0103pat de poli\u021bi\u0219ti. B\u0103rbat, trimis \u00een arest dup\u0103 ce \u0219i-a distrus br\u0103\u021bara electronic\u0103"},"content":{"rendered":"<p class=\"isSelectedEnd\">Un b\u0103rbat de 40 de ani, din Glogova, a \u00eencercat s\u0103 scape de monitorizarea electronic\u0103, \u00eens\u0103 gestul i-a adus direct un loc \u00een arest.\u00a0Ieri, poli\u021bi\u0219tii din Motru au primit o alert\u0103 de la sistemul de monitorizare, care indica faptul c\u0103 br\u0103\u021bara electronic\u0103 purtat\u0103 de b\u0103rbat fusese accesat\u0103 ilegal. O patrul\u0103 a mers la fa\u021ba locului \u0219i a g\u0103sit dispozitivul cu cureaua t\u0103iat\u0103.<\/p>\n<p class=\"isSelectedEnd\">Pentru c\u0103 br\u0103\u021bara nu s-a \u201epredat\u201d singur\u0103, poli\u021bi\u0219tii au deschis un dosar penal pentru distrugere. A doua zi, Judec\u0103toria Motru a emis pe numele b\u0103rbatului un mandat de arestare preventiv\u0103 pentru 30 de zile.\u00a0Gorjeanul a fost dus \u00een Centrul de Re\u021binere \u0219i Arestare Preventiv\u0103 al IPJ Gorj. Se pare c\u0103 a sc\u0103pat de br\u0103\u021bar\u0103, dar nu \u0219i de monitorizarea poli\u021bi\u0219tilor.<\/p>\n","protected":false},"excerpt":{"rendered":"<p class=\"text-justify mb-2\" >Un b\u0103rbat de 40 de ani, din Glogova, a \u00eencercat s\u0103 scape de monitorizarea electronic\u0103, \u00eens\u0103 gestul i-a adus direct un loc \u00een arest.\u00a0Ieri, poli\u021bi\u0219tii din Motru au primit o alert\u0103 de la sistemul de monitorizare, care indica faptul c\u0103 br\u0103\u021bara electronic\u0103 purtat\u0103 de b\u0103rbat [&hellip;]<\/p>\n","protected":false},"author":2,"featured_media":1062,"comment_status":"open","ping_status":"open","sticky":false,"template":"","format":"standard","meta":{"footnotes":""},"categories":[13,4],"tags":[],"class_list":["post-7156","post","type-post","status-publish","format-standard","has-post-thumbnail","hentry","category-eveniment","category-ultima-ora"],"_links":{"self":[{"href":"https:\/\/radarmedia.ro\/index.php\/wp-json\/wp\/v2\/posts\/7156","targetHints":{"allow":["GET"]}}],"collection":[{"href":"https:\/\/radarmedia.ro\/index.php\/wp-json\/wp\/v2\/posts"}],"about":[{"href":"https:\/\/radarmedia.ro\/index.php\/wp-json\/wp\/v2\/types\/post"}],"author":[{"embeddable":true,"href":"https:\/\/radarmedia.ro\/index.php\/wp-json\/wp\/v2\/users\/2"}],"replies":[{"embeddable":true,"href":"https:\/\/radarmedia.ro\/index.php\/wp-json\/wp\/v2\/comments?post=7156"}],"version-history":[{"count":1,"href":"https:\/\/radarmedia.ro\/index.php\/wp-json\/wp\/v2\/posts\/7156\/revisions"}],"predecessor-version":[{"id":7157,"href":"https:\/\/radarmedia.ro\/index.php\/wp-json\/wp\/v2\/posts\/7156\/revisions\/7157"}],"wp:featuredmedia":[{"embeddable":true,"href":"https:\/\/radarmedia.ro\/index.php\/wp-json\/wp\/v2\/media\/1062"}],"wp:attachment":[{"href":"https:\/\/radarmedia.ro\/index.php\/wp-json\/wp\/v2\/media?parent=7156"}],"wp:term":[{"taxonomy":"category","embeddable":true,"href":"https:\/\/radarmedia.ro\/index.php\/wp-json\/wp\/v2\/categories?post=7156"},{"taxonomy":"post_tag","embeddable":true,"href":"https:\/\/radarmedia.ro\/index.php\/wp-json\/wp\/v2\/tags?post=7156"}],"curies":[{"name":"wp","href":"https:\/\/api.w.org\/{rel}","templated":true}]}}