{"id":7158,"date":"2026-08-03T13:22:42","date_gmt":"2026-08-03T10:22:42","guid":{"rendered":"https:\/\/radarmedia.ro\/?p=7158"},"modified":"2026-08-03T13:22:42","modified_gmt":"2026-08-03T10:22:42","slug":"200-de-gospodarii-vulnerabile-din-turburea-primesc-panouri-fotovoltaice-prin-pnrr","status":"publish","type":"post","link":"https:\/\/radarmedia.ro\/index.php\/2026\/08\/03\/200-de-gospodarii-vulnerabile-din-turburea-primesc-panouri-fotovoltaice-prin-pnrr\/","title":{"rendered":"200 de gospod\u0103rii vulnerabile din Turburea primesc panouri fotovoltaice, prin PNRR"},"content":{"rendered":"<div class=\"qMYqUG_convSearchResultHighlightRoot\">\n<div class=\"\" data-turn-id-container=\"request-WEB:9c861bda-0051-4565-b5c3-33541bfec2cc-0\" data-is-intersecting=\"true\">\n<section class=\"text-token-text-primary w-full focus:outline-none has-data-writing-block:pointer-events-none [&amp;:has([data-writing-block])&gt;*]:pointer-events-auto R6Vx5W_threadScrollVars scroll-mb-[calc(var(--scroll-root-safe-area-inset-bottom,0px)+var(--thread-response-height))] scroll-mt-[calc(var(--header-height)+min(200px,max(70px,20svh)))]\" dir=\"auto\" data-turn-id=\"request-WEB:9c861bda-0051-4565-b5c3-33541bfec2cc-0\" data-turn-id-container=\"request-WEB:9c861bda-0051-4565-b5c3-33541bfec2cc-0\" data-testid=\"conversation-turn-2\" data-turn=\"assistant\">\n<div class=\"text-base my-auto mx-auto pb-8 [--thread-content-margin:var(--thread-content-margin-xs,calc(var(--spacing)*4))] @w-sm\/main:[--thread-content-margin:var(--thread-content-margin-sm,calc(var(--spacing)*6))] @w-lg\/main:[--thread-content-margin:var(--thread-content-margin-lg,calc(var(--spacing)*16))] px-(--thread-content-margin)\">\n<div class=\"[--thread-content-max-width:40rem] @w-lg\/main:[--thread-content-max-width:48rem] mx-auto max-w-(--thread-content-max-width) flex-1 group\/turn-messages focus-visible:outline-hidden relative flex w-full min-w-0 flex-col agent-turn\" data-conversation-screenshot-content=\"\">\n<div class=\"flex max-w-full flex-col gap-4 grow\">\n<div class=\"min-h-8 text-message relative flex w-full flex-col items-end gap-2 text-start break-words whitespace-normal outline-none keyboard-focused:focus-ring [.text-message+&amp;]:mt-1\" dir=\"auto\" tabindex=\"0\" data-message-author-role=\"assistant\" data-message-id=\"c11dee2a-96c6-402e-aa67-610334328b8d\" data-message-model-slug=\"gpt-5-5\" data-turn-start-message=\"true\">\n<div class=\"flex w-full flex-col gap-1 empty:hidden\">\n<div class=\"markdown prose dark:prose-invert wrap-break-word w-full light markdown-new-styling\">\n<p data-start=\"89\" data-end=\"318\">200 de gospod\u0103rii din comuna Turburea beneficiaz\u0103 de panouri fotovoltaice, \u00een cadrul unui proiect finan\u021bat prin Planul Na\u021bional de Redresare \u0219i Rezilien\u021b\u0103 (PNRR), destinat familiilor aflate \u00een situa\u021bii de vulnerabilitate social\u0103.\u00a0Potrivit primarului Ion B\u00eerc\u0103, programul va continua, urm\u00e2nd ca alte 300 de gospod\u0103rii s\u0103 fie incluse \u00een etapa urm\u0103toare. Selec\u021bia beneficiarilor se va face dup\u0103 principiul \u201eprimul venit, primul servit\u201d.<\/p>\n<p data-start=\"525\" data-end=\"883\">Valoarea unei astfel de investi\u021bii este de aproximativ 50.000 de lei pentru fiecare locuin\u021b\u0103. Pe l\u00e2ng\u0103 sistemele fotovoltaice, proiectul include montarea de baterii pentru stocarea energiei produse, precum \u0219i instalarea unor aparate de aer condi\u021bionat, m\u0103suri care contribuie la reducerea costurilor cu energia \u0219i la \u00eembun\u0103t\u0103\u021birea confortului beneficiarilor.<\/p>\n<p data-start=\"885\" data-end=\"1055\" data-is-last-node=\"\" data-is-only-node=\"\">Autorit\u0103\u021bile locale \u00eei \u00eencurajeaz\u0103 pe cei interesa\u021bi s\u0103 depun\u0103 cererile c\u00e2t mai repede, av\u00e2nd \u00een vedere criteriul de departajare stabilit pentru noua etap\u0103 a programului.<\/p>\n<\/div>\n<\/div>\n<\/div>\n<\/div>\n<div class=\"z-0 flex min-h-[46px] justify-start\"><\/div>\n<div class=\"mt-3 w-full empty:hidden\">\n<div class=\"text-center\"><\/div>\n<\/div>\n<\/div>\n<div class=\"[--thread-content-max-width:40rem] @w-lg\/main:[--thread-content-max-width:48rem] mx-auto max-w-(--thread-content-max-width) flex-1\" data-conversation-screenshot-content=\"\">\n<div><\/div>\n<\/div>\n<\/div>\n<\/section>\n<\/div>\n<\/div>\n<div class=\"pointer-events-none -mt-px h-px translate-y-(--scroll-root-safe-area-inset-bottom)\" aria-hidden=\"true\"><\/div>\n","protected":false},"excerpt":{"rendered":"<p class=\"text-justify mb-2\" >200 de gospod\u0103rii din comuna Turburea beneficiaz\u0103 de panouri fotovoltaice, \u00een cadrul unui proiect finan\u021bat prin Planul Na\u021bional de Redresare \u0219i Rezilien\u021b\u0103 (PNRR), destinat familiilor aflate \u00een situa\u021bii de vulnerabilitate social\u0103.\u00a0Potrivit primarului Ion B\u00eerc\u0103, programul va continua, urm\u00e2nd ca alte 300 de gospod\u0103rii s\u0103 fie [&hellip;]<\/p>\n","protected":false},"author":2,"featured_media":7159,"comment_status":"open","ping_status":"open","sticky":false,"template":"","format":"standard","meta":{"footnotes":""},"categories":[5,4],"tags":[],"class_list":["post-7158","post","type-post","status-publish","format-standard","has-post-thumbnail","hentry","category-actualitate","category-ultima-ora"],"_links":{"self":[{"href":"https:\/\/radarmedia.ro\/index.php\/wp-json\/wp\/v2\/posts\/7158","targetHints":{"allow":["GET"]}}],"collection":[{"href":"https:\/\/radarmedia.ro\/index.php\/wp-json\/wp\/v2\/posts"}],"about":[{"href":"https:\/\/radarmedia.ro\/index.php\/wp-json\/wp\/v2\/types\/post"}],"author":[{"embeddable":true,"href":"https:\/\/radarmedia.ro\/index.php\/wp-json\/wp\/v2\/users\/2"}],"replies":[{"embeddable":true,"href":"https:\/\/radarmedia.ro\/index.php\/wp-json\/wp\/v2\/comments?post=7158"}],"version-history":[{"count":1,"href":"https:\/\/radarmedia.ro\/index.php\/wp-json\/wp\/v2\/posts\/7158\/revisions"}],"predecessor-version":[{"id":7160,"href":"https:\/\/radarmedia.ro\/index.php\/wp-json\/wp\/v2\/posts\/7158\/revisions\/7160"}],"wp:featuredmedia":[{"embeddable":true,"href":"https:\/\/radarmedia.ro\/index.php\/wp-json\/wp\/v2\/media\/7159"}],"wp:attachment":[{"href":"https:\/\/radarmedia.ro\/index.php\/wp-json\/wp\/v2\/media?parent=7158"}],"wp:term":[{"taxonomy":"category","embeddable":true,"href":"https:\/\/radarmedia.ro\/index.php\/wp-json\/wp\/v2\/categories?post=7158"},{"taxonomy":"post_tag","embeddable":true,"href":"https:\/\/radarmedia.ro\/index.php\/wp-json\/wp\/v2\/tags?post=7158"}],"curies":[{"name":"wp","href":"https:\/\/api.w.org\/{rel}","templated":true}]}}