{"id":7167,"date":"2026-08-07T11:55:21","date_gmt":"2026-08-07T08:55:21","guid":{"rendered":"https:\/\/radarmedia.ro\/?p=7167"},"modified":"2026-08-07T11:55:21","modified_gmt":"2026-08-07T08:55:21","slug":"munca-la-negru-si-salarii-platite-cu-intarziere-amenzi-de-aproape-2-milioane-de-lei","status":"publish","type":"post","link":"https:\/\/radarmedia.ro\/index.php\/2026\/08\/07\/munca-la-negru-si-salarii-platite-cu-intarziere-amenzi-de-aproape-2-milioane-de-lei\/","title":{"rendered":"Munc\u0103 la negru \u0219i salarii pl\u0103tite cu \u00eent\u00e2rziere. Amenzi de aproape 2 milioane de lei"},"content":{"rendered":"<p class=\"isSelectedEnd\">Inspectoratul Teritorial de Munc\u0103 Gorj a aplicat amenzi \u00een valoare total\u0103 de 1.911.000 de lei \u00een urma celor 200 de controale desf\u0103\u0219urate \u00een luna iulie la angajatori din jude\u021b. Inspectorii au constatat numeroase \u00eenc\u0103lc\u0103ri ale legisla\u021biei muncii \u0219i ale normelor de securitate \u0219i s\u0103n\u0103tate \u00een munc\u0103, fiind aplicate 219 sanc\u021biuni \u0219i dispuse 539 de m\u0103suri obligatorii pentru remedierea deficien\u021belor.<\/p>\n<p class=\"isSelectedEnd\">Printre cele mai grave nereguli s-a num\u0103rat folosirea muncii nedeclarate. Patru angajatori din domeniile construc\u021biilor, alimenta\u021biei publice \u0219i comer\u021bului au fost sanc\u021biona\u021bi cu amenzi \u00eensum\u00e2nd 230.000 de lei.\u00a0Cea mai mare amend\u0103, de 170.000 de lei, a fost primit\u0103 de un operator economic din comuna Bustuchin, din domeniul alimenta\u021biei publice. \u00cen urma controlului, inspectorii au descoperit patru persoane care lucrau f\u0103r\u0103 contracte individuale de munc\u0103 \u0219i au constatat c\u0103 angajatorul nu a prezentat documentele solicitate privind respectarea normelor de securitate \u0219i s\u0103n\u0103tate \u00een munc\u0103.\u00a0Un alt angajator, cu sediul social \u00een Bucure\u0219ti \u0219i activitate \u00een jude\u021bul Gorj, a fost amendat cu 136.000 de lei pentru mai multe abateri, printre care plata cu \u00eent\u00e2rziere a drepturilor salariale, cu peste o lun\u0103 fa\u021b\u0103 de termenul stabilit.<\/p>\n<p>Reprezentan\u021bii ITM Gorj avertizeaz\u0103 c\u0103 primirea la munc\u0103 a unei persoane f\u0103r\u0103 contract individual de munc\u0103 \u00eencheiat anterior \u00eenceperii activit\u0103\u021bii se sanc\u021bioneaz\u0103 cu 40.000 de lei pentru fiecare persoan\u0103 identificat\u0103.<\/p>\n","protected":false},"excerpt":{"rendered":"<p class=\"text-justify mb-2\" >Inspectoratul Teritorial de Munc\u0103 Gorj a aplicat amenzi \u00een valoare total\u0103 de 1.911.000 de lei \u00een urma celor 200 de controale desf\u0103\u0219urate \u00een luna iulie la angajatori din jude\u021b. Inspectorii au constatat numeroase \u00eenc\u0103lc\u0103ri ale legisla\u021biei muncii \u0219i ale normelor de securitate \u0219i s\u0103n\u0103tate \u00een [&hellip;]<\/p>\n","protected":false},"author":2,"featured_media":353,"comment_status":"open","ping_status":"open","sticky":false,"template":"","format":"standard","meta":{"footnotes":""},"categories":[13,4],"tags":[],"class_list":["post-7167","post","type-post","status-publish","format-standard","has-post-thumbnail","hentry","category-eveniment","category-ultima-ora"],"_links":{"self":[{"href":"https:\/\/radarmedia.ro\/index.php\/wp-json\/wp\/v2\/posts\/7167","targetHints":{"allow":["GET"]}}],"collection":[{"href":"https:\/\/radarmedia.ro\/index.php\/wp-json\/wp\/v2\/posts"}],"about":[{"href":"https:\/\/radarmedia.ro\/index.php\/wp-json\/wp\/v2\/types\/post"}],"author":[{"embeddable":true,"href":"https:\/\/radarmedia.ro\/index.php\/wp-json\/wp\/v2\/users\/2"}],"replies":[{"embeddable":true,"href":"https:\/\/radarmedia.ro\/index.php\/wp-json\/wp\/v2\/comments?post=7167"}],"version-history":[{"count":1,"href":"https:\/\/radarmedia.ro\/index.php\/wp-json\/wp\/v2\/posts\/7167\/revisions"}],"predecessor-version":[{"id":7168,"href":"https:\/\/radarmedia.ro\/index.php\/wp-json\/wp\/v2\/posts\/7167\/revisions\/7168"}],"wp:featuredmedia":[{"embeddable":true,"href":"https:\/\/radarmedia.ro\/index.php\/wp-json\/wp\/v2\/media\/353"}],"wp:attachment":[{"href":"https:\/\/radarmedia.ro\/index.php\/wp-json\/wp\/v2\/media?parent=7167"}],"wp:term":[{"taxonomy":"category","embeddable":true,"href":"https:\/\/radarmedia.ro\/index.php\/wp-json\/wp\/v2\/categories?post=7167"},{"taxonomy":"post_tag","embeddable":true,"href":"https:\/\/radarmedia.ro\/index.php\/wp-json\/wp\/v2\/tags?post=7167"}],"curies":[{"name":"wp","href":"https:\/\/api.w.org\/{rel}","templated":true}]}}