{"id":7169,"date":"2026-08-07T12:03:33","date_gmt":"2026-08-07T09:03:33","guid":{"rendered":"https:\/\/radarmedia.ro\/?p=7169"},"modified":"2026-08-07T12:03:33","modified_gmt":"2026-08-07T09:03:33","slug":"un-sofer-baut-a-iesit-cu-masina-de-pe-drum-fratele-venit-sa-recupereze-masina-s-a-accidentat","status":"publish","type":"post","link":"https:\/\/radarmedia.ro\/index.php\/2026\/08\/07\/un-sofer-baut-a-iesit-cu-masina-de-pe-drum-fratele-venit-sa-recupereze-masina-s-a-accidentat\/","title":{"rendered":"Un \u0219ofer b\u0103ut a ie\u0219it cu ma\u0219ina de pe drum. Fratele venit s\u0103 recupereze ma\u0219ina s-a accidentat"},"content":{"rendered":"<p class=\"isSelectedEnd\">Un accident rutier produs pe DJ 665, \u00een satul C\u0103rpini\u0219, s-a soldat cu r\u0103nirea unui b\u0103rbat, \u00eens\u0103 nu \u00een momentul impactului, ci \u00een timpul recuper\u0103rii autoturismului avariat.\u00a0Potrivit poli\u021bi\u0219tilor din Novaci, un b\u0103rbat de 36 de ani, din comuna Crasna, aflat la volanul unui autoturism, a pierdut controlul direc\u021biei de deplasare \u0219i a p\u0103r\u0103sit partea carosabil\u0103. Ma\u0219ina s-a r\u0103sturnat \u00eentr-o zon\u0103 aflat\u0103 la aproximativ 20 de metri de \u0219osea. \u00cen urma test\u0103rii cu aparatul etilotest, \u0219oferul implicat \u00een accident avea o concentra\u021bie de 0,39 mg\/l alcool pur \u00een aerul expirat.<\/p>\n<p class=\"isSelectedEnd\">Dup\u0103 producerea accidentului, fratele \u0219oferului, \u00een v\u00e2rst\u0103 de 42 de ani, a venit cu o autoutilitar\u0103 pentru a recupera autoturismul. \u00cen timpul opera\u021biunii, acesta s-a dezechilibrat \u0219i a c\u0103zut de pe platform\u0103, suferind leziuni. B\u0103rbatul a fost transportat la spital pentru \u00eengrijiri medicale.\u00a0Poli\u021bi\u0219tii au deschis un dosar penal pentru v\u0103t\u0103mare corporal\u0103 din culp\u0103 \u0219i continu\u0103 cercet\u0103rile pentru stabilirea tuturor \u00eemprejur\u0103rilor \u00een care s-a produs evenimentul.<\/p>\n","protected":false},"excerpt":{"rendered":"<p class=\"text-justify mb-2\" >Un accident rutier produs pe DJ 665, \u00een satul C\u0103rpini\u0219, s-a soldat cu r\u0103nirea unui b\u0103rbat, \u00eens\u0103 nu \u00een momentul impactului, ci \u00een timpul recuper\u0103rii autoturismului avariat.\u00a0Potrivit poli\u021bi\u0219tilor din Novaci, un b\u0103rbat de 36 de ani, din comuna Crasna, aflat la volanul unui autoturism, a [&hellip;]<\/p>\n","protected":false},"author":2,"featured_media":124,"comment_status":"open","ping_status":"open","sticky":false,"template":"","format":"standard","meta":{"footnotes":""},"categories":[13,4],"tags":[],"class_list":["post-7169","post","type-post","status-publish","format-standard","has-post-thumbnail","hentry","category-eveniment","category-ultima-ora"],"_links":{"self":[{"href":"https:\/\/radarmedia.ro\/index.php\/wp-json\/wp\/v2\/posts\/7169","targetHints":{"allow":["GET"]}}],"collection":[{"href":"https:\/\/radarmedia.ro\/index.php\/wp-json\/wp\/v2\/posts"}],"about":[{"href":"https:\/\/radarmedia.ro\/index.php\/wp-json\/wp\/v2\/types\/post"}],"author":[{"embeddable":true,"href":"https:\/\/radarmedia.ro\/index.php\/wp-json\/wp\/v2\/users\/2"}],"replies":[{"embeddable":true,"href":"https:\/\/radarmedia.ro\/index.php\/wp-json\/wp\/v2\/comments?post=7169"}],"version-history":[{"count":1,"href":"https:\/\/radarmedia.ro\/index.php\/wp-json\/wp\/v2\/posts\/7169\/revisions"}],"predecessor-version":[{"id":7170,"href":"https:\/\/radarmedia.ro\/index.php\/wp-json\/wp\/v2\/posts\/7169\/revisions\/7170"}],"wp:featuredmedia":[{"embeddable":true,"href":"https:\/\/radarmedia.ro\/index.php\/wp-json\/wp\/v2\/media\/124"}],"wp:attachment":[{"href":"https:\/\/radarmedia.ro\/index.php\/wp-json\/wp\/v2\/media?parent=7169"}],"wp:term":[{"taxonomy":"category","embeddable":true,"href":"https:\/\/radarmedia.ro\/index.php\/wp-json\/wp\/v2\/categories?post=7169"},{"taxonomy":"post_tag","embeddable":true,"href":"https:\/\/radarmedia.ro\/index.php\/wp-json\/wp\/v2\/tags?post=7169"}],"curies":[{"name":"wp","href":"https:\/\/api.w.org\/{rel}","templated":true}]}}