{"id":7171,"date":"2026-08-07T14:34:55","date_gmt":"2026-08-07T11:34:55","guid":{"rendered":"https:\/\/radarmedia.ro\/?p=7171"},"modified":"2026-08-07T14:34:55","modified_gmt":"2026-08-07T11:34:55","slug":"sindicatele-ceo-ii-cer-lui-nicusor-dan-sa-promulge-modificarile-la-legea-decarbonarii","status":"publish","type":"post","link":"https:\/\/radarmedia.ro\/index.php\/2026\/08\/07\/sindicatele-ceo-ii-cer-lui-nicusor-dan-sa-promulge-modificarile-la-legea-decarbonarii\/","title":{"rendered":"Sindicatele CEO \u00eei cer lui Nicu\u0219or Dan s\u0103 promulge modific\u0103rile la Legea decarbon\u0103rii"},"content":{"rendered":"<p>Sindicatele din minerit \u0219i energie \u00eei cer pre\u0219edintelui Rom\u00e2niei, Nicu\u0219or Dan, s\u0103 promulge legea privind modificarea calendarului de decarbonare.\u00a0Federa\u021bia Na\u021bional\u0103 Mine Energie \u0219i Federa\u021bia \u201eUnivers\u201d au transmis un memoriu \u00een care avertizeaz\u0103 c\u0103 \u00eenchiderea accelerat\u0103 a grupurilor pe c\u0103rbune poate afecta securitatea energetic\u0103 a Rom\u00e2niei.\u00a0Sindicali\u0219tii sus\u021bin c\u0103 grupurile energetice ale Complexului Energetic Oltenia trebuie men\u021binute p\u00e2n\u0103 c\u00e2nd noile capacit\u0103\u021bi de produc\u021bie vor fi finalizate \u0219i vor putea prelua efectiv rolul celor retrase.<\/p>\n<p>\u00cen cazul grupului Rovinari 6, a c\u0103rui men\u021binere \u00een func\u021biune este prev\u0103zut\u0103 p\u00e2n\u0103 la 31 august 2026, sindicatele propun p\u0103strarea acestuia inclusiv ca rezerv\u0103 strategic\u0103. Grupul are o putere instalat\u0103 de aproximativ 330 de MW.\u00a0\u00a0Sindicali\u0219tii spun c\u0103 nu contest\u0103 tranzi\u021bia energetic\u0103 \u0219i obiectivele de decarbonare, \u00eens\u0103 aceasta trebuie f\u0103cut\u0103 etapizat, astfel \u00eenc\u00e2t Rom\u00e2nia s\u0103 nu ajung\u0103 dependent\u0103 de importurile de energie.<\/p>\n<p>&nbsp;<\/p>\n","protected":false},"excerpt":{"rendered":"<p class=\"text-justify mb-2\" >Sindicatele din minerit \u0219i energie \u00eei cer pre\u0219edintelui Rom\u00e2niei, Nicu\u0219or Dan, s\u0103 promulge legea privind modificarea calendarului de decarbonare.\u00a0Federa\u021bia Na\u021bional\u0103 Mine Energie \u0219i Federa\u021bia \u201eUnivers\u201d au transmis un memoriu \u00een care avertizeaz\u0103 c\u0103 \u00eenchiderea accelerat\u0103 a grupurilor pe c\u0103rbune poate afecta securitatea energetic\u0103 a Rom\u00e2niei.\u00a0Sindicali\u0219tii [&hellip;]<\/p>\n","protected":false},"author":2,"featured_media":2916,"comment_status":"open","ping_status":"open","sticky":false,"template":"","format":"standard","meta":{"footnotes":""},"categories":[7,4],"tags":[],"class_list":["post-7171","post","type-post","status-publish","format-standard","has-post-thumbnail","hentry","category-economie","category-ultima-ora"],"_links":{"self":[{"href":"https:\/\/radarmedia.ro\/index.php\/wp-json\/wp\/v2\/posts\/7171","targetHints":{"allow":["GET"]}}],"collection":[{"href":"https:\/\/radarmedia.ro\/index.php\/wp-json\/wp\/v2\/posts"}],"about":[{"href":"https:\/\/radarmedia.ro\/index.php\/wp-json\/wp\/v2\/types\/post"}],"author":[{"embeddable":true,"href":"https:\/\/radarmedia.ro\/index.php\/wp-json\/wp\/v2\/users\/2"}],"replies":[{"embeddable":true,"href":"https:\/\/radarmedia.ro\/index.php\/wp-json\/wp\/v2\/comments?post=7171"}],"version-history":[{"count":1,"href":"https:\/\/radarmedia.ro\/index.php\/wp-json\/wp\/v2\/posts\/7171\/revisions"}],"predecessor-version":[{"id":7172,"href":"https:\/\/radarmedia.ro\/index.php\/wp-json\/wp\/v2\/posts\/7171\/revisions\/7172"}],"wp:featuredmedia":[{"embeddable":true,"href":"https:\/\/radarmedia.ro\/index.php\/wp-json\/wp\/v2\/media\/2916"}],"wp:attachment":[{"href":"https:\/\/radarmedia.ro\/index.php\/wp-json\/wp\/v2\/media?parent=7171"}],"wp:term":[{"taxonomy":"category","embeddable":true,"href":"https:\/\/radarmedia.ro\/index.php\/wp-json\/wp\/v2\/categories?post=7171"},{"taxonomy":"post_tag","embeddable":true,"href":"https:\/\/radarmedia.ro\/index.php\/wp-json\/wp\/v2\/tags?post=7171"}],"curies":[{"name":"wp","href":"https:\/\/api.w.org\/{rel}","templated":true}]}}