{"id":7173,"date":"2026-08-08T19:40:29","date_gmt":"2026-08-08T16:40:29","guid":{"rendered":"https:\/\/radarmedia.ro\/?p=7173"},"modified":"2026-08-08T19:40:29","modified_gmt":"2026-08-08T16:40:29","slug":"a-murit-in-balciul-din-berlesti-barbatul-s-a-electrocutat","status":"publish","type":"post","link":"https:\/\/radarmedia.ro\/index.php\/2026\/08\/08\/a-murit-in-balciul-din-berlesti-barbatul-s-a-electrocutat\/","title":{"rendered":"A murit \u00een b\u00e2lciul din Berle\u0219ti. B\u0103rbatul s-a electrocutat"},"content":{"rendered":"<p class=\"isSelectedEnd\">Un b\u0103rbat \u00een v\u00e2rst\u0103 de 40 de ani, din T\u00e2rgu Jiu, a murit s\u00e2mb\u0103t\u0103 dup\u0103-amiaz\u0103, \u00een timp ce se afla la t\u00e2rgul organizat \u00een comuna Berle\u0219ti, cu ocazia zilelor localit\u0103\u021bii. Primele verific\u0103ri ale poli\u021bi\u0219tilor indic\u0103 o posibil\u0103 electrocutare, dup\u0103 ce b\u0103rbatul ar fi atins cu m\u00e2inile un colac de s\u00e2rm\u0103 aflat pe o lad\u0103 frigorific\u0103.\u00a0Incidentul s-a produs \u00een jurul orei 16:20. Potrivit poli\u021bi\u0219tilor, b\u0103rbatul se afla \u00een zona t\u00e2rgului c\u00e2nd ar fi atins cu membrele superioare colacul de s\u00e2rm\u0103. Imediat dup\u0103 aceea, acestuia i s-ar fi f\u0103cut r\u0103u \u0219i a intrat \u00een stop cardio-respirator.\u00a0La fa\u021ba locului a fost solicitat un echipaj SMURD, care a \u00eenceput imediat manevrele de resuscitare. Din p\u0103cate, \u00een ciuda eforturilor salvatorilor, b\u0103rbatul nu a mai putut fi salvat, fiind declarat decesul.<\/p>\n<p class=\"isSelectedEnd\">Poli\u021bi\u0219tii Sec\u021biei 8 Poli\u021bie Rural\u0103 Stoina \u0219i cei ai Poli\u021biei Ora\u0219ului T\u00e2rgu C\u0103rbune\u0219ti au ajuns la locul tragediei \u0219i au \u00eenceput verific\u0103rile pentru a stabili exact ce s-a \u00eent\u00e2mplat. La examinarea exterioar\u0103 a trupului nu au fost observate urme de violen\u021b\u0103 pe zonele vizibile ale corpului.\u00a0Pentru stabilirea cauzei exacte a mor\u021bii, trupul ne\u00eensufle\u021bit a fost transportat la Serviciul de Medicin\u0103 Legal\u0103 Gorj, unde urmeaz\u0103 s\u0103 fie efectuat\u0103 necropsia. Astfel, anchetatorii trebuie s\u0103 stabileasc\u0103 dac\u0103 decesul a fost provocat \u00eentr-adev\u0103r de o electrocutare sau dac\u0103 exist\u0103 o alt\u0103 cauz\u0103 medical\u0103.<\/p>\n<p class=\"isSelectedEnd\">\u00cen paralel, poli\u021bi\u0219tii au deschis un dosar penal pentru ucidere din culp\u0103 \u0219i verific\u0103 toate \u00eemprejur\u0103rile \u00een care s-a produs incidentul. A fost dispus\u0103 \u0219i informarea Inspectoratului Teritorial de Munc\u0103 Gorj, care ar putea face verific\u0103ri cu privire la condi\u021biile \u00een care era amplasat \u0219i utilizat echipamentul respectiv.\u00a0Ancheta este \u00een desf\u0103\u0219urare, iar cauza exact\u0103 a decesului urmeaz\u0103 s\u0103 fie stabilit\u0103 \u00een urma concluziilor medico-legale \u0219i a verific\u0103rilor efectuate de autorit\u0103\u021bi.<\/p>\n","protected":false},"excerpt":{"rendered":"<p class=\"text-justify mb-2\" >Un b\u0103rbat \u00een v\u00e2rst\u0103 de 40 de ani, din T\u00e2rgu Jiu, a murit s\u00e2mb\u0103t\u0103 dup\u0103-amiaz\u0103, \u00een timp ce se afla la t\u00e2rgul organizat \u00een comuna Berle\u0219ti, cu ocazia zilelor localit\u0103\u021bii. Primele verific\u0103ri ale poli\u021bi\u0219tilor indic\u0103 o posibil\u0103 electrocutare, dup\u0103 ce b\u0103rbatul ar fi atins cu [&hellip;]<\/p>\n","protected":false},"author":2,"featured_media":7174,"comment_status":"open","ping_status":"open","sticky":false,"template":"","format":"standard","meta":{"footnotes":""},"categories":[7,4],"tags":[],"class_list":["post-7173","post","type-post","status-publish","format-standard","has-post-thumbnail","hentry","category-economie","category-ultima-ora"],"_links":{"self":[{"href":"https:\/\/radarmedia.ro\/index.php\/wp-json\/wp\/v2\/posts\/7173","targetHints":{"allow":["GET"]}}],"collection":[{"href":"https:\/\/radarmedia.ro\/index.php\/wp-json\/wp\/v2\/posts"}],"about":[{"href":"https:\/\/radarmedia.ro\/index.php\/wp-json\/wp\/v2\/types\/post"}],"author":[{"embeddable":true,"href":"https:\/\/radarmedia.ro\/index.php\/wp-json\/wp\/v2\/users\/2"}],"replies":[{"embeddable":true,"href":"https:\/\/radarmedia.ro\/index.php\/wp-json\/wp\/v2\/comments?post=7173"}],"version-history":[{"count":1,"href":"https:\/\/radarmedia.ro\/index.php\/wp-json\/wp\/v2\/posts\/7173\/revisions"}],"predecessor-version":[{"id":7175,"href":"https:\/\/radarmedia.ro\/index.php\/wp-json\/wp\/v2\/posts\/7173\/revisions\/7175"}],"wp:featuredmedia":[{"embeddable":true,"href":"https:\/\/radarmedia.ro\/index.php\/wp-json\/wp\/v2\/media\/7174"}],"wp:attachment":[{"href":"https:\/\/radarmedia.ro\/index.php\/wp-json\/wp\/v2\/media?parent=7173"}],"wp:term":[{"taxonomy":"category","embeddable":true,"href":"https:\/\/radarmedia.ro\/index.php\/wp-json\/wp\/v2\/categories?post=7173"},{"taxonomy":"post_tag","embeddable":true,"href":"https:\/\/radarmedia.ro\/index.php\/wp-json\/wp\/v2\/tags?post=7173"}],"curies":[{"name":"wp","href":"https:\/\/api.w.org\/{rel}","templated":true}]}}