{"id":7176,"date":"2026-08-09T09:37:40","date_gmt":"2026-08-09T06:37:40","guid":{"rendered":"https:\/\/radarmedia.ro\/?p=7176"},"modified":"2026-08-09T09:37:40","modified_gmt":"2026-08-09T06:37:40","slug":"doi-tineri-au-ajuns-in-arest-dupa-o-altercatie-pe-o-strada-din-targu-jiu-unul-este-minor","status":"publish","type":"post","link":"https:\/\/radarmedia.ro\/index.php\/2026\/08\/09\/doi-tineri-au-ajuns-in-arest-dupa-o-altercatie-pe-o-strada-din-targu-jiu-unul-este-minor\/","title":{"rendered":"Doi tineri au ajuns \u00een arest, dup\u0103 o alterca\u021bie pe o strad\u0103 din T\u00e2rgu Jiu. Unul este minor"},"content":{"rendered":"<p class=\"isSelectedEnd\">Doi tineri din T\u00e2rgu Jiu, unul de 16 ani \u0219i cel\u0103lalt de 20 de ani, au fost re\u021binu\u021bi de poli\u021bi\u0219ti dup\u0103 o alterca\u021bie care a avut loc pe strada Minerilor. Cei doi sunt cerceta\u021bi pentru tulburarea ordinii \u0219i lini\u0219tii publice.\u00a0Incidentul a fost sesizat poli\u021bi\u0219tilor s\u00e2mb\u0103t\u0103. La fa\u021ba locului, oamenii legii au identificat ini\u021bial unul dintre cei trei b\u0103rba\u021bi implica\u021bi \u00een conflict \u0219i l-au condus la sediul poli\u021biei.\u00a0\u00cen urma verific\u0103rilor, au fost identifica\u021bi \u0219i ceilal\u021bi doi participan\u021bi, un minor de 16 ani \u0219i un t\u00e2n\u0103r de 20 de ani, ambii din T\u00e2rgu Jiu. Ace\u0219tia au fost, la r\u00e2ndul lor, condu\u0219i la sediul poli\u021biei pentru continuarea cercet\u0103rilor.\u00a0Poli\u021bi\u0219tii precizeaz\u0103 c\u0103, din primele verific\u0103ri, nu a rezultat c\u0103 vreo persoan\u0103 ar fi fost r\u0103nit\u0103 \u00een urma alterca\u021biei.<\/p>\n<p class=\"isSelectedEnd\">Ancheta a continuat la Biroul de Investiga\u021bii Criminale al Poli\u021biei Municipiului T\u00e2rgu Jiu, iar dup\u0103 administrarea probatoriului s-a dispus re\u021binerea celor doi tineri pentru 24 de ore.\u00a0Ace\u0219tia au fost introdu\u0219i \u00een Centrul de Re\u021binere \u0219i Arestare Preventiv\u0103 al IPJ Gorj \u0219i urmeaz\u0103 s\u0103 fie prezenta\u021bi procurorilor de la Parchetul de pe l\u00e2ng\u0103 Judec\u0103toria T\u00e2rgu Jiu, cu propuneri corespunz\u0103toare.<\/p>\n","protected":false},"excerpt":{"rendered":"<p class=\"text-justify mb-2\" >Doi tineri din T\u00e2rgu Jiu, unul de 16 ani \u0219i cel\u0103lalt de 20 de ani, au fost re\u021binu\u021bi de poli\u021bi\u0219ti dup\u0103 o alterca\u021bie care a avut loc pe strada Minerilor. Cei doi sunt cerceta\u021bi pentru tulburarea ordinii \u0219i lini\u0219tii publice.\u00a0Incidentul a fost sesizat poli\u021bi\u0219tilor s\u00e2mb\u0103t\u0103. [&hellip;]<\/p>\n","protected":false},"author":2,"featured_media":7177,"comment_status":"open","ping_status":"open","sticky":false,"template":"","format":"standard","meta":{"footnotes":""},"categories":[13,4],"tags":[],"class_list":["post-7176","post","type-post","status-publish","format-standard","has-post-thumbnail","hentry","category-eveniment","category-ultima-ora"],"_links":{"self":[{"href":"https:\/\/radarmedia.ro\/index.php\/wp-json\/wp\/v2\/posts\/7176","targetHints":{"allow":["GET"]}}],"collection":[{"href":"https:\/\/radarmedia.ro\/index.php\/wp-json\/wp\/v2\/posts"}],"about":[{"href":"https:\/\/radarmedia.ro\/index.php\/wp-json\/wp\/v2\/types\/post"}],"author":[{"embeddable":true,"href":"https:\/\/radarmedia.ro\/index.php\/wp-json\/wp\/v2\/users\/2"}],"replies":[{"embeddable":true,"href":"https:\/\/radarmedia.ro\/index.php\/wp-json\/wp\/v2\/comments?post=7176"}],"version-history":[{"count":1,"href":"https:\/\/radarmedia.ro\/index.php\/wp-json\/wp\/v2\/posts\/7176\/revisions"}],"predecessor-version":[{"id":7178,"href":"https:\/\/radarmedia.ro\/index.php\/wp-json\/wp\/v2\/posts\/7176\/revisions\/7178"}],"wp:featuredmedia":[{"embeddable":true,"href":"https:\/\/radarmedia.ro\/index.php\/wp-json\/wp\/v2\/media\/7177"}],"wp:attachment":[{"href":"https:\/\/radarmedia.ro\/index.php\/wp-json\/wp\/v2\/media?parent=7176"}],"wp:term":[{"taxonomy":"category","embeddable":true,"href":"https:\/\/radarmedia.ro\/index.php\/wp-json\/wp\/v2\/categories?post=7176"},{"taxonomy":"post_tag","embeddable":true,"href":"https:\/\/radarmedia.ro\/index.php\/wp-json\/wp\/v2\/tags?post=7176"}],"curies":[{"name":"wp","href":"https:\/\/api.w.org\/{rel}","templated":true}]}}