{"id":7179,"date":"2026-08-11T15:49:16","date_gmt":"2026-08-11T12:49:16","guid":{"rendered":"https:\/\/radarmedia.ro\/?p=7179"},"modified":"2026-08-11T15:49:16","modified_gmt":"2026-08-11T12:49:16","slug":"incendiu-puternic-la-dragoieni-pompierii-incearca-sa-evite-extinderea-la-locuinte","status":"publish","type":"post","link":"https:\/\/radarmedia.ro\/index.php\/2026\/08\/11\/incendiu-puternic-la-dragoieni-pompierii-incearca-sa-evite-extinderea-la-locuinte\/","title":{"rendered":"Incendiu puternic la Dr\u0103goieni. Pompierii \u00eencearc\u0103 s\u0103 evite extinderea la locuin\u021be"},"content":{"rendered":"<p class=\"isSelectedEnd\">Un incendiu de vegeta\u021bie uscat\u0103 a izbucnit \u00een cartierul Dr\u0103goieni din T\u00e2rgu Jiu, pompierii intervenind cu trei autospeciale de stingere cu ap\u0103 \u0219i spum\u0103 \u0219i mai multe echipaje specializate. Suprafa\u021ba afectat\u0103 este una mare, \u00eens\u0103 pompierii nu au stabilit deocamdat\u0103 o estimare exact\u0103. Prioritatea echipajelor este \u00eempiedicarea extinderii focului c\u0103tre imobilele din zon\u0103.\u00a0\u201eAm creat un dispozitiv de interven\u021bie pentru protejarea imobilelor\u201d, au transmis reprezentan\u021bii ISU Gorj.<\/p>\n<p>Pompierii ac\u021bioneaz\u0103 pentru stingerea focarelor \u0219i limitarea propag\u0103rii incendiului. Interven\u021bia este \u00een desf\u0103\u0219urare. Revenim cu detalii<\/p>\n","protected":false},"excerpt":{"rendered":"<p class=\"text-justify mb-2\" >Un incendiu de vegeta\u021bie uscat\u0103 a izbucnit \u00een cartierul Dr\u0103goieni din T\u00e2rgu Jiu, pompierii intervenind cu trei autospeciale de stingere cu ap\u0103 \u0219i spum\u0103 \u0219i mai multe echipaje specializate. Suprafa\u021ba afectat\u0103 este una mare, \u00eens\u0103 pompierii nu au stabilit deocamdat\u0103 o estimare exact\u0103. Prioritatea echipajelor [&hellip;]<\/p>\n","protected":false},"author":2,"featured_media":7180,"comment_status":"open","ping_status":"open","sticky":false,"template":"","format":"standard","meta":{"footnotes":""},"categories":[13,2,4],"tags":[],"class_list":["post-7179","post","type-post","status-publish","format-standard","has-post-thumbnail","hentry","category-eveniment","category-featured","category-ultima-ora"],"_links":{"self":[{"href":"https:\/\/radarmedia.ro\/index.php\/wp-json\/wp\/v2\/posts\/7179","targetHints":{"allow":["GET"]}}],"collection":[{"href":"https:\/\/radarmedia.ro\/index.php\/wp-json\/wp\/v2\/posts"}],"about":[{"href":"https:\/\/radarmedia.ro\/index.php\/wp-json\/wp\/v2\/types\/post"}],"author":[{"embeddable":true,"href":"https:\/\/radarmedia.ro\/index.php\/wp-json\/wp\/v2\/users\/2"}],"replies":[{"embeddable":true,"href":"https:\/\/radarmedia.ro\/index.php\/wp-json\/wp\/v2\/comments?post=7179"}],"version-history":[{"count":1,"href":"https:\/\/radarmedia.ro\/index.php\/wp-json\/wp\/v2\/posts\/7179\/revisions"}],"predecessor-version":[{"id":7181,"href":"https:\/\/radarmedia.ro\/index.php\/wp-json\/wp\/v2\/posts\/7179\/revisions\/7181"}],"wp:featuredmedia":[{"embeddable":true,"href":"https:\/\/radarmedia.ro\/index.php\/wp-json\/wp\/v2\/media\/7180"}],"wp:attachment":[{"href":"https:\/\/radarmedia.ro\/index.php\/wp-json\/wp\/v2\/media?parent=7179"}],"wp:term":[{"taxonomy":"category","embeddable":true,"href":"https:\/\/radarmedia.ro\/index.php\/wp-json\/wp\/v2\/categories?post=7179"},{"taxonomy":"post_tag","embeddable":true,"href":"https:\/\/radarmedia.ro\/index.php\/wp-json\/wp\/v2\/tags?post=7179"}],"curies":[{"name":"wp","href":"https:\/\/api.w.org\/{rel}","templated":true}]}}