{"id":7182,"date":"2026-08-11T16:24:14","date_gmt":"2026-08-11T13:24:14","guid":{"rendered":"https:\/\/radarmedia.ro\/?p=7182"},"modified":"2026-08-11T16:24:14","modified_gmt":"2026-08-11T13:24:14","slug":"peste-580-de-soferi-amendati-pentru-viteza-in-gorj-49-au-ramas-fara-permise","status":"publish","type":"post","link":"https:\/\/radarmedia.ro\/index.php\/2026\/08\/11\/peste-580-de-soferi-amendati-pentru-viteza-in-gorj-49-au-ramas-fara-permise\/","title":{"rendered":"Peste 580 de \u0219oferi, amenda\u021bi pentru vitez\u0103, \u00een Gorj. 49 au r\u0103mas f\u0103r\u0103 permise"},"content":{"rendered":"<p class=\"isSelectedEnd\">Poli\u021bi\u0219tii rutieri din Gorj au aplicat 581 de sanc\u021biuni contraven\u021bionale pentru dep\u0103\u0219irea vitezei legale, \u00een perioada 3\u20139 august, \u00een cadrul ac\u021biunii europene \u201eSpeed\u201d, desf\u0103\u0219urat\u0103 sub egida ROADPOL.\u00a0\u00cen fiecare zi, la controale au participat, \u00een medie, 26 de poli\u021bi\u0219ti rutieri. \u00cen urma verific\u0103rilor, oamenii legii au re\u021binut 49 de permise de conducere pentru dep\u0103\u0219iri importante ale vitezei.<\/p>\n<p class=\"isSelectedEnd\">Dintre permisele re\u021binute, 47 au fost suspendate dup\u0103 ce \u0219oferii au dep\u0103\u0219it viteza legal\u0103 cu mai mult de 50 km\/h, iar dou\u0103 pentru dep\u0103\u0219irea limitei cu peste 70 km\/h.\u00a0Ac\u021biunile au vizat \u00een special prevenirea accidentelor grave provocate de viteza excesiv\u0103 sau neadaptat\u0103 la condi\u021biile de drum, cu aten\u021bie sporit\u0103 \u00een zonele cu drumuri \u00een curb\u0103.\u00a0Ac\u021biunile pentru combaterea vitezei \u0219i a celorlalte cauze care genereaz\u0103 accidente grave vor continua \u0219i \u00een perioada urm\u0103toare.<\/p>\n","protected":false},"excerpt":{"rendered":"<p class=\"text-justify mb-2\" >Poli\u021bi\u0219tii rutieri din Gorj au aplicat 581 de sanc\u021biuni contraven\u021bionale pentru dep\u0103\u0219irea vitezei legale, \u00een perioada 3\u20139 august, \u00een cadrul ac\u021biunii europene \u201eSpeed\u201d, desf\u0103\u0219urat\u0103 sub egida ROADPOL.\u00a0\u00cen fiecare zi, la controale au participat, \u00een medie, 26 de poli\u021bi\u0219ti rutieri. \u00cen urma verific\u0103rilor, oamenii legii au [&hellip;]<\/p>\n","protected":false},"author":2,"featured_media":7183,"comment_status":"open","ping_status":"open","sticky":false,"template":"","format":"standard","meta":{"footnotes":""},"categories":[13,2,4],"tags":[],"class_list":["post-7182","post","type-post","status-publish","format-standard","has-post-thumbnail","hentry","category-eveniment","category-featured","category-ultima-ora"],"_links":{"self":[{"href":"https:\/\/radarmedia.ro\/index.php\/wp-json\/wp\/v2\/posts\/7182","targetHints":{"allow":["GET"]}}],"collection":[{"href":"https:\/\/radarmedia.ro\/index.php\/wp-json\/wp\/v2\/posts"}],"about":[{"href":"https:\/\/radarmedia.ro\/index.php\/wp-json\/wp\/v2\/types\/post"}],"author":[{"embeddable":true,"href":"https:\/\/radarmedia.ro\/index.php\/wp-json\/wp\/v2\/users\/2"}],"replies":[{"embeddable":true,"href":"https:\/\/radarmedia.ro\/index.php\/wp-json\/wp\/v2\/comments?post=7182"}],"version-history":[{"count":1,"href":"https:\/\/radarmedia.ro\/index.php\/wp-json\/wp\/v2\/posts\/7182\/revisions"}],"predecessor-version":[{"id":7184,"href":"https:\/\/radarmedia.ro\/index.php\/wp-json\/wp\/v2\/posts\/7182\/revisions\/7184"}],"wp:featuredmedia":[{"embeddable":true,"href":"https:\/\/radarmedia.ro\/index.php\/wp-json\/wp\/v2\/media\/7183"}],"wp:attachment":[{"href":"https:\/\/radarmedia.ro\/index.php\/wp-json\/wp\/v2\/media?parent=7182"}],"wp:term":[{"taxonomy":"category","embeddable":true,"href":"https:\/\/radarmedia.ro\/index.php\/wp-json\/wp\/v2\/categories?post=7182"},{"taxonomy":"post_tag","embeddable":true,"href":"https:\/\/radarmedia.ro\/index.php\/wp-json\/wp\/v2\/tags?post=7182"}],"curies":[{"name":"wp","href":"https:\/\/api.w.org\/{rel}","templated":true}]}}