{"id":7185,"date":"2026-08-13T09:53:55","date_gmt":"2026-08-13T06:53:55","guid":{"rendered":"https:\/\/radarmedia.ro\/?p=7185"},"modified":"2026-08-13T09:53:55","modified_gmt":"2026-08-13T06:53:55","slug":"grafic-nou-pentru-colectarea-deseurilor-in-dragutesti-cum-sunt-ridicate-deseurile","status":"publish","type":"post","link":"https:\/\/radarmedia.ro\/index.php\/2026\/08\/13\/grafic-nou-pentru-colectarea-deseurilor-in-dragutesti-cum-sunt-ridicate-deseurile\/","title":{"rendered":"Grafic nou pentru colectarea de\u0219eurilor \u00een Dr\u0103gu\u021be\u0219ti. Cum sunt ridicate de\u0219eurile"},"content":{"rendered":"<p class=\"isSelectedEnd\">Prim\u0103ria comunei Dr\u0103gu\u021be\u0219ti a anun\u021bat noul grafic de colectare a de\u0219eurilor menajere pentru anul 2026. Calendarul stabile\u0219te zilele \u00een care vor fi ridicate de\u0219eurile reziduale, precum \u0219i cele reciclabile \u2013 h\u00e2rtie, carton, plastic, metal \u0219i sticl\u0103.\u00a0Potrivit graficului, de\u0219eurile menajere reziduale vor fi colectate \u00een zilele marcate cu gri, iar de\u0219eurile de h\u00e2rtie-carton-plastic-metal, \u00een zilele marcate cu galben. Pentru sticl\u0103, zilele de colectare sunt marcate cu verde.\u00a0\u00cen luna august, colectarea de\u0219eurilor reciclabile de tip h\u00e2rtie-carton-plastic-metal este programat\u0103 pe 11 \u0219i 25 august, \u00een timp ce de\u0219eurile menajere reziduale sunt ridicate \u00een zilele de 3, 10, 17, 24 \u0219i 31 august.<\/p>\n<p><img loading=\"lazy\" decoding=\"async\" class=\"alignleft size-large wp-image-7186\" src=\"http:\/\/radarmedia.ro\/wp-content\/uploads\/2026\/08\/grafic-819x1024.jpg\" alt=\"\" width=\"819\" height=\"1024\" srcset=\"https:\/\/radarmedia.ro\/wp-content\/uploads\/2026\/08\/grafic-819x1024.jpg 819w, https:\/\/radarmedia.ro\/wp-content\/uploads\/2026\/08\/grafic-240x300.jpg 240w, https:\/\/radarmedia.ro\/wp-content\/uploads\/2026\/08\/grafic-768x960.jpg 768w, https:\/\/radarmedia.ro\/wp-content\/uploads\/2026\/08\/grafic-1229x1536.jpg 1229w, https:\/\/radarmedia.ro\/wp-content\/uploads\/2026\/08\/grafic.jpg 1600w\" sizes=\"auto, (max-width: 819px) 100vw, 819px\" \/><\/p>\n<p class=\"isSelectedEnd\">\u00cen luna septembrie, de\u0219eurile reciclabile vor fi colectate pe 8 \u0219i 22 septembrie, iar cele reziduale pe 7, 14, 21 \u0219i 28 septembrie. Pentru octombrie, zilele de colectare a de\u0219eurilor reciclabile sunt 6, 13 \u0219i 20 octombrie, iar de\u0219eurile reziduale vor fi ridicate pe 5, 12, 19 \u0219i 26 octombrie.<\/p>\n<p class=\"isSelectedEnd\">\u00cen noiembrie, colectarea de\u0219eurilor reciclabile este programat\u0103 pe 3 \u0219i 17 noiembrie, iar cea a de\u0219eurilor reziduale pe 2, 9, 16, 23 \u0219i 30 noiembrie. Ziua de 9 noiembrie este marcat\u0103 \u0219i pentru colectarea sticlei.<\/p>\n<p class=\"isSelectedEnd\">\u00cen decembrie, de\u0219eurile reciclabile vor fi ridicate pe 1, 15 \u0219i 29 decembrie, iar de\u0219eurile reziduale pe 7, 14, 21 \u0219i 28 decembrie.\u00a0Prim\u0103ria le recomand\u0103 locuitorilor s\u0103 consulte calendarul \u0219i s\u0103 scoat\u0103 de\u0219eurile la timp, \u00een func\u021bie de tipul acestora. Programul de colectare se desf\u0103\u0219oar\u0103 \u00een intervalul 07:00\u201319:00.<\/p>\n","protected":false},"excerpt":{"rendered":"<p class=\"text-justify mb-2\" >Prim\u0103ria comunei Dr\u0103gu\u021be\u0219ti a anun\u021bat noul grafic de colectare a de\u0219eurilor menajere pentru anul 2026. Calendarul stabile\u0219te zilele \u00een care vor fi ridicate de\u0219eurile reziduale, precum \u0219i cele reciclabile \u2013 h\u00e2rtie, carton, plastic, metal \u0219i sticl\u0103.\u00a0Potrivit graficului, de\u0219eurile menajere reziduale vor fi colectate \u00een zilele [&hellip;]<\/p>\n","protected":false},"author":2,"featured_media":7187,"comment_status":"open","ping_status":"open","sticky":false,"template":"","format":"standard","meta":{"footnotes":""},"categories":[5,4],"tags":[],"class_list":["post-7185","post","type-post","status-publish","format-standard","has-post-thumbnail","hentry","category-actualitate","category-ultima-ora"],"_links":{"self":[{"href":"https:\/\/radarmedia.ro\/index.php\/wp-json\/wp\/v2\/posts\/7185","targetHints":{"allow":["GET"]}}],"collection":[{"href":"https:\/\/radarmedia.ro\/index.php\/wp-json\/wp\/v2\/posts"}],"about":[{"href":"https:\/\/radarmedia.ro\/index.php\/wp-json\/wp\/v2\/types\/post"}],"author":[{"embeddable":true,"href":"https:\/\/radarmedia.ro\/index.php\/wp-json\/wp\/v2\/users\/2"}],"replies":[{"embeddable":true,"href":"https:\/\/radarmedia.ro\/index.php\/wp-json\/wp\/v2\/comments?post=7185"}],"version-history":[{"count":1,"href":"https:\/\/radarmedia.ro\/index.php\/wp-json\/wp\/v2\/posts\/7185\/revisions"}],"predecessor-version":[{"id":7188,"href":"https:\/\/radarmedia.ro\/index.php\/wp-json\/wp\/v2\/posts\/7185\/revisions\/7188"}],"wp:featuredmedia":[{"embeddable":true,"href":"https:\/\/radarmedia.ro\/index.php\/wp-json\/wp\/v2\/media\/7187"}],"wp:attachment":[{"href":"https:\/\/radarmedia.ro\/index.php\/wp-json\/wp\/v2\/media?parent=7185"}],"wp:term":[{"taxonomy":"category","embeddable":true,"href":"https:\/\/radarmedia.ro\/index.php\/wp-json\/wp\/v2\/categories?post=7185"},{"taxonomy":"post_tag","embeddable":true,"href":"https:\/\/radarmedia.ro\/index.php\/wp-json\/wp\/v2\/tags?post=7185"}],"curies":[{"name":"wp","href":"https:\/\/api.w.org\/{rel}","templated":true}]}}