{"id":7192,"date":"2026-08-17T09:33:28","date_gmt":"2026-08-17T06:33:28","guid":{"rendered":"https:\/\/radarmedia.ro\/?p=7192"},"modified":"2026-08-17T09:38:58","modified_gmt":"2026-08-17T06:38:58","slug":"restrictii-de-circulatie-in-defileul-jiului-timp-de-aproape-doua-saptamani","status":"publish","type":"post","link":"https:\/\/radarmedia.ro\/index.php\/2026\/08\/17\/restrictii-de-circulatie-in-defileul-jiului-timp-de-aproape-doua-saptamani\/","title":{"rendered":"Restric\u021bii de circula\u021bie \u00een Defileul Jiului, timp de aproape dou\u0103 s\u0103pt\u0103m\u00e2ni"},"content":{"rendered":"<p>\u0218oferii care tranziteaz\u0103 Defileul Jiului, pe DN 66 \u2013 E 70, \u00een jude\u021bul Gorj, trebuie s\u0103 se preg\u0103teasc\u0103 pentru restric\u021bii de circula\u021bie \u00eencep\u00e2nd de luni, 17 august. M\u0103sura este necesar\u0103 pentru executarea unor lucr\u0103ri de cur\u0103\u021bare a zidurilor de sprijin aferente infrastructurii feroviare.\u00a0Potrivit Sucursalei Regionale CF Craiova, restric\u021biile vor fi valabile \u00een perioada 17\u201328 august 2026, \u00een intervalul orar 10:00\u201315:00, pe dou\u0103 tronsoane ale DN 66 \u2013 E 70: \u00eentre kilometrii 97+300 \u0219i 98+000, respectiv \u00eentre kilometrii 99+700 \u0219i 101+300.<\/p>\n<p>Circula\u021bia rutier\u0103 va fi restric\u021bionat\u0103 pe jum\u0103tate de cale, iar traficul va fi dirijat pe cealalt\u0103 band\u0103, alternativ, pe un singur sens de mers. Dirijarea circula\u021biei se va face de c\u0103tre pilo\u021bi de trafic, cu ajutorul paletelor.\u00a0Autorit\u0103\u021bile le recomand\u0103 conduc\u0103torilor auto s\u0103 manifeste pruden\u021b\u0103 \u00een zona lucr\u0103rilor, s\u0103 respecte indica\u021biile pilo\u021bilor de trafic \u0219i s\u0103 acorde aten\u021bie semnaliz\u0103rii \u0219i indicatoarelor temporare.<\/p>\n<p>&nbsp;<\/p>\n","protected":false},"excerpt":{"rendered":"<p class=\"text-justify mb-2\" >\u0218oferii care tranziteaz\u0103 Defileul Jiului, pe DN 66 \u2013 E 70, \u00een jude\u021bul Gorj, trebuie s\u0103 se preg\u0103teasc\u0103 pentru restric\u021bii de circula\u021bie \u00eencep\u00e2nd de luni, 17 august. M\u0103sura este necesar\u0103 pentru executarea unor lucr\u0103ri de cur\u0103\u021bare a zidurilor de sprijin aferente infrastructurii feroviare.\u00a0Potrivit Sucursalei Regionale [&hellip;]<\/p>\n","protected":false},"author":2,"featured_media":6355,"comment_status":"open","ping_status":"open","sticky":false,"template":"","format":"standard","meta":{"footnotes":""},"categories":[6,4],"tags":[],"class_list":["post-7192","post","type-post","status-publish","format-standard","has-post-thumbnail","hentry","category-national","category-ultima-ora"],"_links":{"self":[{"href":"https:\/\/radarmedia.ro\/index.php\/wp-json\/wp\/v2\/posts\/7192","targetHints":{"allow":["GET"]}}],"collection":[{"href":"https:\/\/radarmedia.ro\/index.php\/wp-json\/wp\/v2\/posts"}],"about":[{"href":"https:\/\/radarmedia.ro\/index.php\/wp-json\/wp\/v2\/types\/post"}],"author":[{"embeddable":true,"href":"https:\/\/radarmedia.ro\/index.php\/wp-json\/wp\/v2\/users\/2"}],"replies":[{"embeddable":true,"href":"https:\/\/radarmedia.ro\/index.php\/wp-json\/wp\/v2\/comments?post=7192"}],"version-history":[{"count":1,"href":"https:\/\/radarmedia.ro\/index.php\/wp-json\/wp\/v2\/posts\/7192\/revisions"}],"predecessor-version":[{"id":7193,"href":"https:\/\/radarmedia.ro\/index.php\/wp-json\/wp\/v2\/posts\/7192\/revisions\/7193"}],"wp:featuredmedia":[{"embeddable":true,"href":"https:\/\/radarmedia.ro\/index.php\/wp-json\/wp\/v2\/media\/6355"}],"wp:attachment":[{"href":"https:\/\/radarmedia.ro\/index.php\/wp-json\/wp\/v2\/media?parent=7192"}],"wp:term":[{"taxonomy":"category","embeddable":true,"href":"https:\/\/radarmedia.ro\/index.php\/wp-json\/wp\/v2\/categories?post=7192"},{"taxonomy":"post_tag","embeddable":true,"href":"https:\/\/radarmedia.ro\/index.php\/wp-json\/wp\/v2\/tags?post=7192"}],"curies":[{"name":"wp","href":"https:\/\/api.w.org\/{rel}","templated":true}]}}