{"id":7194,"date":"2026-08-21T14:00:36","date_gmt":"2026-08-21T11:00:36","guid":{"rendered":"https:\/\/radarmedia.ro\/?p=7194"},"modified":"2026-08-21T14:00:36","modified_gmt":"2026-08-21T11:00:36","slug":"noaptea-muzeelor-la-sate-ajunge-la-balanesti-casa-memoriala-ion-popescu-voitesti-deschisa-publicului-pe-29-august","status":"publish","type":"post","link":"https:\/\/radarmedia.ro\/index.php\/2026\/08\/21\/noaptea-muzeelor-la-sate-ajunge-la-balanesti-casa-memoriala-ion-popescu-voitesti-deschisa-publicului-pe-29-august\/","title":{"rendered":"Noaptea Muzeelor la Sate ajunge la B\u0103l\u0103ne\u0219ti. Casa Memorial\u0103 \u201eIon Popescu-Voite\u0219ti\u201d, deschis\u0103 publicului pe 29 august"},"content":{"rendered":"<p>Comuna B\u0103l\u0103ne\u0219ti se num\u0103r\u0103 printre localit\u0103\u021bile din Gorj care particip\u0103, pe 29 august, la cea de-a IV-a edi\u021bie a Nop\u021bii Muzeelor la Sate, eveniment dedicat patrimoniului \u0219i memoriei comunit\u0103\u021bilor rurale.\u00a0Casa Memorial\u0103 \u201eIon Popescu-Voite\u0219ti\u201d din B\u0103l\u0103ne\u0219ti \u00ee\u0219i va deschide por\u021bile s\u00e2mb\u0103t\u0103 seara pentru iubitorii de cultur\u0103 \u0219i istorie, care vor avea ocazia s\u0103 descopere patrimoniul p\u0103strat \u00een acest spa\u021biu.\u00a0Evenimentul face parte din componenta rural\u0103 a Nop\u021bii Muzeelor \u0219i \u00ee\u0219i propune s\u0103 aduc\u0103 \u00een aten\u021bia publicului colec\u021biile, obiectele \u0219i pove\u0219tile care p\u0103streaz\u0103 memoria satelor rom\u00e2ne\u0219ti.<\/p>\n<p>La edi\u021bia de anul trecut, la B\u0103l\u0103ne\u0219ti a fost prezentat\u0103 \u201eColec\u021bia s\u0103teasc\u0103 de art\u0103 contemporan\u0103\u201d, oferind vizitatorilor o perspectiv\u0103 asupra patrimoniului cultural local.\u00a0\u00cen Gorj, Noaptea Muzeelor la Sate va fi marcat\u0103 \u0219i la Muzeul S\u0103tesc din Bor\u0103scu, unde programul va include vizitarea colec\u021biilor muzeale, momente artistice, proiec\u021bie de film \u0219i foc de tab\u0103r\u0103.\u00a0Evenimentele din 29 august \u00eei invit\u0103 pe gorjeni s\u0103 redescopere locuri, oameni \u0219i pove\u0219ti care contribuie la p\u0103strarea identit\u0103\u021bii culturale a comunit\u0103\u021bilor din jude\u021b.<\/p>\n","protected":false},"excerpt":{"rendered":"<p class=\"text-justify mb-2\" >Comuna B\u0103l\u0103ne\u0219ti se num\u0103r\u0103 printre localit\u0103\u021bile din Gorj care particip\u0103, pe 29 august, la cea de-a IV-a edi\u021bie a Nop\u021bii Muzeelor la Sate, eveniment dedicat patrimoniului \u0219i memoriei comunit\u0103\u021bilor rurale.\u00a0Casa Memorial\u0103 \u201eIon Popescu-Voite\u0219ti\u201d din B\u0103l\u0103ne\u0219ti \u00ee\u0219i va deschide por\u021bile s\u00e2mb\u0103t\u0103 seara pentru iubitorii de cultur\u0103 [&hellip;]<\/p>\n","protected":false},"author":2,"featured_media":7195,"comment_status":"open","ping_status":"open","sticky":false,"template":"","format":"standard","meta":{"footnotes":""},"categories":[5,4],"tags":[],"class_list":["post-7194","post","type-post","status-publish","format-standard","has-post-thumbnail","hentry","category-actualitate","category-ultima-ora"],"_links":{"self":[{"href":"https:\/\/radarmedia.ro\/index.php\/wp-json\/wp\/v2\/posts\/7194","targetHints":{"allow":["GET"]}}],"collection":[{"href":"https:\/\/radarmedia.ro\/index.php\/wp-json\/wp\/v2\/posts"}],"about":[{"href":"https:\/\/radarmedia.ro\/index.php\/wp-json\/wp\/v2\/types\/post"}],"author":[{"embeddable":true,"href":"https:\/\/radarmedia.ro\/index.php\/wp-json\/wp\/v2\/users\/2"}],"replies":[{"embeddable":true,"href":"https:\/\/radarmedia.ro\/index.php\/wp-json\/wp\/v2\/comments?post=7194"}],"version-history":[{"count":1,"href":"https:\/\/radarmedia.ro\/index.php\/wp-json\/wp\/v2\/posts\/7194\/revisions"}],"predecessor-version":[{"id":7196,"href":"https:\/\/radarmedia.ro\/index.php\/wp-json\/wp\/v2\/posts\/7194\/revisions\/7196"}],"wp:featuredmedia":[{"embeddable":true,"href":"https:\/\/radarmedia.ro\/index.php\/wp-json\/wp\/v2\/media\/7195"}],"wp:attachment":[{"href":"https:\/\/radarmedia.ro\/index.php\/wp-json\/wp\/v2\/media?parent=7194"}],"wp:term":[{"taxonomy":"category","embeddable":true,"href":"https:\/\/radarmedia.ro\/index.php\/wp-json\/wp\/v2\/categories?post=7194"},{"taxonomy":"post_tag","embeddable":true,"href":"https:\/\/radarmedia.ro\/index.php\/wp-json\/wp\/v2\/tags?post=7194"}],"curies":[{"name":"wp","href":"https:\/\/api.w.org\/{rel}","templated":true}]}}