{"id":7200,"date":"2026-08-25T17:12:30","date_gmt":"2026-08-25T14:12:30","guid":{"rendered":"https:\/\/radarmedia.ro\/?p=7200"},"modified":"2026-08-25T17:12:30","modified_gmt":"2026-08-25T14:12:30","slug":"incendiu-de-vegetasie-la-campu-mare-5-autospeciale-de-pompieri-intervin-traficul-pe-dn-67-oprit-din-cauza-fumului","status":"publish","type":"post","link":"https:\/\/radarmedia.ro\/index.php\/2026\/08\/25\/incendiu-de-vegetasie-la-campu-mare-5-autospeciale-de-pompieri-intervin-traficul-pe-dn-67-oprit-din-cauza-fumului\/","title":{"rendered":"Incendiu de vegeta\u0219ie la C\u00e2mpu Mare. 5 autospeciale de pompieri intervin. Traficul pe DN 67, oprit din cauza fumului"},"content":{"rendered":"<p>Un incendiu puternic de vegeta\u021bie uscat\u0103 a izbucnit, mar\u021bi dup\u0103-amiaz\u0103, \u00een satul C\u00e2mpu Mare, din comuna Albeni. Fl\u0103c\u0103rile se manifest\u0103 \u00een mai multe focare, iar interven\u021bia pompierilor este dificil\u0103. La fa\u021ba locului au fost mobilizate cinci autospeciale de lucru cu ap\u0103 \u0219i spum\u0103, precum \u0219i mai multe echipaje din cadrul subunit\u0103\u021bilor ISU Gorj. Pompierii ac\u021bioneaz\u0103 pentru limitarea \u0219i stingerea incendiului. Suprafa\u021ba afectat\u0103 nu poate fi estimat\u0103 deocamdat\u0103, tocmai din cauza num\u0103rului mare de focare active.\u00a0Din fericire, \u00een acest moment locuin\u021bele din zon\u0103 nu sunt \u00een pericol, potrivit reprezentan\u021bilor ISU Gorj.<\/p>\n<p>Fumul dens a creat \u00eens\u0103 probleme serioase \u00een trafic. Poli\u021bi\u0219tii gorjeni au decis oprirea temporar\u0103 a circula\u021biei pe DN 67, \u00eentre T\u00e2rgu Jiu \u0219i Horezu, pentru prevenirea unor accidente \u0219i protejarea participan\u021bilor la trafic.\u00a0Pompierii continu\u0103 interven\u021bia pentru localizarea \u0219i lichidarea focarelor.<\/p>\n","protected":false},"excerpt":{"rendered":"<p class=\"text-justify mb-2\" >Un incendiu puternic de vegeta\u021bie uscat\u0103 a izbucnit, mar\u021bi dup\u0103-amiaz\u0103, \u00een satul C\u00e2mpu Mare, din comuna Albeni. Fl\u0103c\u0103rile se manifest\u0103 \u00een mai multe focare, iar interven\u021bia pompierilor este dificil\u0103. La fa\u021ba locului au fost mobilizate cinci autospeciale de lucru cu ap\u0103 \u0219i spum\u0103, precum \u0219i [&hellip;]<\/p>\n","protected":false},"author":2,"featured_media":7201,"comment_status":"open","ping_status":"open","sticky":false,"template":"","format":"standard","meta":{"footnotes":""},"categories":[13,4],"tags":[],"class_list":["post-7200","post","type-post","status-publish","format-standard","has-post-thumbnail","hentry","category-eveniment","category-ultima-ora"],"_links":{"self":[{"href":"https:\/\/radarmedia.ro\/index.php\/wp-json\/wp\/v2\/posts\/7200","targetHints":{"allow":["GET"]}}],"collection":[{"href":"https:\/\/radarmedia.ro\/index.php\/wp-json\/wp\/v2\/posts"}],"about":[{"href":"https:\/\/radarmedia.ro\/index.php\/wp-json\/wp\/v2\/types\/post"}],"author":[{"embeddable":true,"href":"https:\/\/radarmedia.ro\/index.php\/wp-json\/wp\/v2\/users\/2"}],"replies":[{"embeddable":true,"href":"https:\/\/radarmedia.ro\/index.php\/wp-json\/wp\/v2\/comments?post=7200"}],"version-history":[{"count":1,"href":"https:\/\/radarmedia.ro\/index.php\/wp-json\/wp\/v2\/posts\/7200\/revisions"}],"predecessor-version":[{"id":7202,"href":"https:\/\/radarmedia.ro\/index.php\/wp-json\/wp\/v2\/posts\/7200\/revisions\/7202"}],"wp:featuredmedia":[{"embeddable":true,"href":"https:\/\/radarmedia.ro\/index.php\/wp-json\/wp\/v2\/media\/7201"}],"wp:attachment":[{"href":"https:\/\/radarmedia.ro\/index.php\/wp-json\/wp\/v2\/media?parent=7200"}],"wp:term":[{"taxonomy":"category","embeddable":true,"href":"https:\/\/radarmedia.ro\/index.php\/wp-json\/wp\/v2\/categories?post=7200"},{"taxonomy":"post_tag","embeddable":true,"href":"https:\/\/radarmedia.ro\/index.php\/wp-json\/wp\/v2\/tags?post=7200"}],"curies":[{"name":"wp","href":"https:\/\/api.w.org\/{rel}","templated":true}]}}