{"id":7204,"date":"2026-08-27T16:56:17","date_gmt":"2026-08-27T13:56:17","guid":{"rendered":"https:\/\/radarmedia.ro\/?p=7204"},"modified":"2026-08-27T16:56:17","modified_gmt":"2026-08-27T13:56:17","slug":"gorjul-vizat-de-cod-galben-de-instabilitate","status":"publish","type":"post","link":"https:\/\/radarmedia.ro\/index.php\/2026\/08\/27\/gorjul-vizat-de-cod-galben-de-instabilitate\/","title":{"rendered":"Gorjul, vizat de cod galben de instabilitate"},"content":{"rendered":"<p data-start=\"65\" data-end=\"361\">Gorjul se afl\u0103 sub inciden\u021ba unei avertiz\u0103ri Cod galben de instabilitate atmosferic\u0103, emis\u0103 de ANM pentru joi, p\u00e2n\u0103 \u00een noaptea de vineri. Sunt prognozate averse toren\u021biale, desc\u0103rc\u0103ri electrice, intensific\u0103ri ale v\u00e2ntului \u0219i, izolat, vijelii \u0219i grindin\u0103.\u00a0Rafalele pot ajunge la 50-70 km\/h, iar \u00een intervale scurte se pot acumula cantit\u0103\u021bi importante de ap\u0103. O a doua avertizare Cod galben este valabil\u0103 vineri, \u00eens\u0103 aceasta vizeaz\u0103 \u00een principal estul \u0219i sud-estul \u021b\u0103rii.\u00a0Meteorologii recomand\u0103 aten\u021bie, mai ales \u00een timpul deplas\u0103rilor, \u00een condi\u021biile \u00een care vremea instabil\u0103 poate produce local fenomene severe.<\/p>\n","protected":false},"excerpt":{"rendered":"<p class=\"text-justify mb-2\" >Gorjul se afl\u0103 sub inciden\u021ba unei avertiz\u0103ri Cod galben de instabilitate atmosferic\u0103, emis\u0103 de ANM pentru joi, p\u00e2n\u0103 \u00een noaptea de vineri. Sunt prognozate averse toren\u021biale, desc\u0103rc\u0103ri electrice, intensific\u0103ri ale v\u00e2ntului \u0219i, izolat, vijelii \u0219i grindin\u0103.\u00a0Rafalele pot ajunge la 50-70 km\/h, iar \u00een intervale scurte [&hellip;]<\/p>\n","protected":false},"author":2,"featured_media":384,"comment_status":"open","ping_status":"open","sticky":false,"template":"","format":"standard","meta":{"footnotes":""},"categories":[2,6,142],"tags":[],"class_list":["post-7204","post","type-post","status-publish","format-standard","has-post-thumbnail","hentry","category-featured","category-national","category-urari"],"_links":{"self":[{"href":"https:\/\/radarmedia.ro\/index.php\/wp-json\/wp\/v2\/posts\/7204","targetHints":{"allow":["GET"]}}],"collection":[{"href":"https:\/\/radarmedia.ro\/index.php\/wp-json\/wp\/v2\/posts"}],"about":[{"href":"https:\/\/radarmedia.ro\/index.php\/wp-json\/wp\/v2\/types\/post"}],"author":[{"embeddable":true,"href":"https:\/\/radarmedia.ro\/index.php\/wp-json\/wp\/v2\/users\/2"}],"replies":[{"embeddable":true,"href":"https:\/\/radarmedia.ro\/index.php\/wp-json\/wp\/v2\/comments?post=7204"}],"version-history":[{"count":1,"href":"https:\/\/radarmedia.ro\/index.php\/wp-json\/wp\/v2\/posts\/7204\/revisions"}],"predecessor-version":[{"id":7205,"href":"https:\/\/radarmedia.ro\/index.php\/wp-json\/wp\/v2\/posts\/7204\/revisions\/7205"}],"wp:featuredmedia":[{"embeddable":true,"href":"https:\/\/radarmedia.ro\/index.php\/wp-json\/wp\/v2\/media\/384"}],"wp:attachment":[{"href":"https:\/\/radarmedia.ro\/index.php\/wp-json\/wp\/v2\/media?parent=7204"}],"wp:term":[{"taxonomy":"category","embeddable":true,"href":"https:\/\/radarmedia.ro\/index.php\/wp-json\/wp\/v2\/categories?post=7204"},{"taxonomy":"post_tag","embeddable":true,"href":"https:\/\/radarmedia.ro\/index.php\/wp-json\/wp\/v2\/tags?post=7204"}],"curies":[{"name":"wp","href":"https:\/\/api.w.org\/{rel}","templated":true}]}}