{"id":7206,"date":"2026-08-27T16:58:45","date_gmt":"2026-08-27T13:58:45","guid":{"rendered":"https:\/\/radarmedia.ro\/?p=7206"},"modified":"2026-08-27T16:58:59","modified_gmt":"2026-08-27T13:58:59","slug":"grup-al-cet-craiova-2-oprit-din-cauza-unei-avarii","status":"publish","type":"post","link":"https:\/\/radarmedia.ro\/index.php\/2026\/08\/27\/grup-al-cet-craiova-2-oprit-din-cauza-unei-avarii\/","title":{"rendered":"Grup al CET Craiova 2, oprit din cauza unei avarii"},"content":{"rendered":"<p>CET Craiova 2 a fost oprit\u0103 \u00een noaptea de miercuri spre joi, \u00een urma unei avarii. Potrivit datelor Transelectrica, incidentul s-a produs la ora 00:03, cauza fiind eliminarea unor neetan\u0219eit\u0103\u021bi la circuitul ap\u0103-abur al cazanului 1. Centrala are \u00een prezent o putere instalat\u0103 licen\u021biat\u0103 de doar 130 MW, iar repornirea este estimat\u0103 pentru 31 august.<\/p>\n<p>Avaria vine la doar c\u00e2teva zile dup\u0103 oprirea grupului 5 de la Termocentrala Turceni, singurul grup al centralei aflat \u00een func\u021biune, care a fost indisponibil timp de patru zile dup\u0103 spargerea unor \u021bevi din cazan. Ironia este c\u0103 ambele centrale ar fi trebuit s\u0103 intre \u00een conservare chiar pe 31 august, conform calendarului de decarbonizare asumat de Rom\u00e2nia. \u00cen contextul presiunilor asupra sistemului energetic, autorit\u0103\u021bile au decis \u00eens\u0103 men\u021binerea lor \u00een func\u021biune \u0219i pentru iarna urm\u0103toare.<\/p>\n","protected":false},"excerpt":{"rendered":"<p class=\"text-justify mb-2\" >CET Craiova 2 a fost oprit\u0103 \u00een noaptea de miercuri spre joi, \u00een urma unei avarii. Potrivit datelor Transelectrica, incidentul s-a produs la ora 00:03, cauza fiind eliminarea unor neetan\u0219eit\u0103\u021bi la circuitul ap\u0103-abur al cazanului 1. Centrala are \u00een prezent o putere instalat\u0103 licen\u021biat\u0103 de [&hellip;]<\/p>\n","protected":false},"author":2,"featured_media":7207,"comment_status":"open","ping_status":"open","sticky":false,"template":"","format":"standard","meta":{"footnotes":""},"categories":[7,4],"tags":[],"class_list":["post-7206","post","type-post","status-publish","format-standard","has-post-thumbnail","hentry","category-economie","category-ultima-ora"],"_links":{"self":[{"href":"https:\/\/radarmedia.ro\/index.php\/wp-json\/wp\/v2\/posts\/7206","targetHints":{"allow":["GET"]}}],"collection":[{"href":"https:\/\/radarmedia.ro\/index.php\/wp-json\/wp\/v2\/posts"}],"about":[{"href":"https:\/\/radarmedia.ro\/index.php\/wp-json\/wp\/v2\/types\/post"}],"author":[{"embeddable":true,"href":"https:\/\/radarmedia.ro\/index.php\/wp-json\/wp\/v2\/users\/2"}],"replies":[{"embeddable":true,"href":"https:\/\/radarmedia.ro\/index.php\/wp-json\/wp\/v2\/comments?post=7206"}],"version-history":[{"count":2,"href":"https:\/\/radarmedia.ro\/index.php\/wp-json\/wp\/v2\/posts\/7206\/revisions"}],"predecessor-version":[{"id":7209,"href":"https:\/\/radarmedia.ro\/index.php\/wp-json\/wp\/v2\/posts\/7206\/revisions\/7209"}],"wp:featuredmedia":[{"embeddable":true,"href":"https:\/\/radarmedia.ro\/index.php\/wp-json\/wp\/v2\/media\/7207"}],"wp:attachment":[{"href":"https:\/\/radarmedia.ro\/index.php\/wp-json\/wp\/v2\/media?parent=7206"}],"wp:term":[{"taxonomy":"category","embeddable":true,"href":"https:\/\/radarmedia.ro\/index.php\/wp-json\/wp\/v2\/categories?post=7206"},{"taxonomy":"post_tag","embeddable":true,"href":"https:\/\/radarmedia.ro\/index.php\/wp-json\/wp\/v2\/tags?post=7206"}],"curies":[{"name":"wp","href":"https:\/\/api.w.org\/{rel}","templated":true}]}}