{"id":7210,"date":"2026-08-31T08:15:47","date_gmt":"2026-08-31T05:15:47","guid":{"rendered":"https:\/\/radarmedia.ro\/?p=7210"},"modified":"2026-08-31T08:15:47","modified_gmt":"2026-08-31T05:15:47","slug":"satul-gorjean-readus-la-viata-pentru-o-noapte-la-casa-memoriala-ion-popescu-voitesti","status":"publish","type":"post","link":"https:\/\/radarmedia.ro\/index.php\/2026\/08\/31\/satul-gorjean-readus-la-viata-pentru-o-noapte-la-casa-memoriala-ion-popescu-voitesti\/","title":{"rendered":"Satul gorjean, readus la via\u021b\u0103 pentru o noapte, la Casa Memorial\u0103 \u201eIon Popescu-Voite\u0219ti\u201d"},"content":{"rendered":"<p>Casa Memorial\u0103 \u201eIon Popescu-Voite\u0219ti\u201d din B\u0103l\u0103ne\u0219ti s-a transformat \u00eentr-un loc \u00een care tradi\u021biile, muzica \u0219i pove\u0219tile satului rom\u00e2nesc s-au \u00eent\u00e2lnit cu istoria.\u00a0Aici s-a desf\u0103\u0219urat cea de-a doua edi\u021bie a evenimentului \u201eNoaptea Muzeelor la Sate\u201d, organizat\u0103 sub tema \u201eSatul Rom\u00e2nesc \u2013 R\u0103d\u0103cini, Tradi\u021bii \u0219i Cultur\u0103\u201d. Vizitatorii au putut trece gratuit pragul casei \u00een care este p\u0103strat\u0103 memoria marelui geolog \u0219i paleontolog Ion Popescu-Voite\u0219ti. Expozi\u021bia cuprinde obiecte de specialitate, dar \u0219i bunuri personale ale savantului, iar atmosfera serii a fost completat\u0103 de me\u0219te\u0219uguri, momente muzicale \u0219i pove\u0219ti despre lumea satului gorjean.<\/p>\n<p>Evenimentul a fost organizat de Consiliul Jude\u021bean Gorj, Muzeul Jude\u021bean Gorj \u201eAlexandru \u0218tefulescu\u201d, Prim\u0103ria B\u0103l\u0103ne\u0219ti \u0219i \u0218coala Gimnazial\u0103 \u201eIon Popescu-Voite\u0219ti\u201d, al\u0103turi de \u0218coala Popular\u0103 de Art\u0103 \u201eConstantin Br\u00e2ncu\u0219i\u201d, Ansamblul Artistic Profesionist \u201eDoina Gorjului\u201d \u0219i Colegiul Na\u021bional \u201eTudor Vladimirescu\u201d.<\/p>\n<p>\u201eNoaptea Muzeelor la Sate\u201d a fost, astfel, mai mult dec\u00e2t o simpl\u0103 vizit\u0103 la muzeu: o sear\u0103 \u00een care trecutul, tradi\u021biile \u0219i identitatea satului rom\u00e2nesc au fost aduse din nou \u00een fa\u021ba comunit\u0103\u021bii.<\/p>\n","protected":false},"excerpt":{"rendered":"<p class=\"text-justify mb-2\" >Casa Memorial\u0103 \u201eIon Popescu-Voite\u0219ti\u201d din B\u0103l\u0103ne\u0219ti s-a transformat \u00eentr-un loc \u00een care tradi\u021biile, muzica \u0219i pove\u0219tile satului rom\u00e2nesc s-au \u00eent\u00e2lnit cu istoria.\u00a0Aici s-a desf\u0103\u0219urat cea de-a doua edi\u021bie a evenimentului \u201eNoaptea Muzeelor la Sate\u201d, organizat\u0103 sub tema \u201eSatul Rom\u00e2nesc \u2013 R\u0103d\u0103cini, Tradi\u021bii \u0219i Cultur\u0103\u201d. Vizitatorii [&hellip;]<\/p>\n","protected":false},"author":2,"featured_media":7211,"comment_status":"open","ping_status":"open","sticky":false,"template":"","format":"standard","meta":{"footnotes":""},"categories":[5,4],"tags":[],"class_list":["post-7210","post","type-post","status-publish","format-standard","has-post-thumbnail","hentry","category-actualitate","category-ultima-ora"],"_links":{"self":[{"href":"https:\/\/radarmedia.ro\/index.php\/wp-json\/wp\/v2\/posts\/7210","targetHints":{"allow":["GET"]}}],"collection":[{"href":"https:\/\/radarmedia.ro\/index.php\/wp-json\/wp\/v2\/posts"}],"about":[{"href":"https:\/\/radarmedia.ro\/index.php\/wp-json\/wp\/v2\/types\/post"}],"author":[{"embeddable":true,"href":"https:\/\/radarmedia.ro\/index.php\/wp-json\/wp\/v2\/users\/2"}],"replies":[{"embeddable":true,"href":"https:\/\/radarmedia.ro\/index.php\/wp-json\/wp\/v2\/comments?post=7210"}],"version-history":[{"count":1,"href":"https:\/\/radarmedia.ro\/index.php\/wp-json\/wp\/v2\/posts\/7210\/revisions"}],"predecessor-version":[{"id":7212,"href":"https:\/\/radarmedia.ro\/index.php\/wp-json\/wp\/v2\/posts\/7210\/revisions\/7212"}],"wp:featuredmedia":[{"embeddable":true,"href":"https:\/\/radarmedia.ro\/index.php\/wp-json\/wp\/v2\/media\/7211"}],"wp:attachment":[{"href":"https:\/\/radarmedia.ro\/index.php\/wp-json\/wp\/v2\/media?parent=7210"}],"wp:term":[{"taxonomy":"category","embeddable":true,"href":"https:\/\/radarmedia.ro\/index.php\/wp-json\/wp\/v2\/categories?post=7210"},{"taxonomy":"post_tag","embeddable":true,"href":"https:\/\/radarmedia.ro\/index.php\/wp-json\/wp\/v2\/tags?post=7210"}],"curies":[{"name":"wp","href":"https:\/\/api.w.org\/{rel}","templated":true}]}}