{"id":7214,"date":"2026-08-31T19:25:23","date_gmt":"2026-08-31T16:25:23","guid":{"rendered":"https:\/\/radarmedia.ro\/?p=7214"},"modified":"2026-08-31T19:25:23","modified_gmt":"2026-08-31T16:25:23","slug":"blocul-social-din-turburea-pregatit-pentru-viitorii-angajati-ai-fabricii-de-furaje","status":"publish","type":"post","link":"https:\/\/radarmedia.ro\/index.php\/2026\/08\/31\/blocul-social-din-turburea-pregatit-pentru-viitorii-angajati-ai-fabricii-de-furaje\/","title":{"rendered":"Blocul social din Turburea, preg\u0103tit pentru viitorii angaja\u021bi ai fabricii de furaje"},"content":{"rendered":"<p>Autorit\u0103\u021bile din Turburea sper\u0103 s\u0103 finalizeze p\u00e2n\u0103 \u00een luna noiembrie lucr\u0103rile la blocul cu locuin\u021be sociale preluat de la OMV Petrom, iar cele 29 de apartamente ar putea deveni, \u00een viitor, locuin\u021be pentru familiile angaja\u021bilor unei noi fabrici de hran\u0103 pentru animale.\u00a0Blocul cu patru etaje a fost preluat de administra\u021bia local\u0103 \u00een stadiul \u201ela ro\u0219u\u201d, iar investi\u021bia necesar\u0103 pentru finalizarea \u0219i amenajarea acestuia se ridic\u0103 la aproximativ 12,5 milioane de lei. La parterul cl\u0103dirii vor fi amenajate \u0219i cabinete medicale.\u00a0\u00a0\u201dMai avem un etaj \u0219i se termin\u0103 finalizarea celor 28 de apartamente Mai avem de b\u0103gat utilit\u0103\u021bile, gazele apa, mai este pu\u021bin de munc\u0103, dar cred c\u0103 ne \u00eencadr\u0103m \u00een termen, p\u00e2n\u0103 \u00een noiambrie se va termina\u201d, a declarat primarul Ion B\u00e2rc\u0103.<\/p>\n<p>Primarul Ion B\u00eerc\u0103 spune c\u0103 inten\u021bia administra\u021biei locale este ca noile locuin\u021be s\u0103 contribuie \u0219i la atragerea for\u021bei de munc\u0103 pentru fabrica de furaje pe care o companie inten\u021bioneaz\u0103 s\u0103 o construiasc\u0103 \u00een comuna Turburea. Proiectul fabricii este \u00eens\u0103, deocamdat\u0103, blocat \u00eentr-un proces cu Guvernul Rom\u00e2niei, compania contest\u00e2nd decizia privind finan\u021barea, dup\u0103 ce proiectul s\u0103u a ob\u021binut al doilea cel mai mare punctaj la nivel na\u021bional. O decizie definitiv\u0103 este a\u0219teptat\u0103 \u00een luna septembrie.\u00a0Dac\u0103 instan\u021ba va da c\u00e2\u0219tig de cauz\u0103 companiei, lucr\u0103rile la noua unitate de produc\u021bie ar putea \u00eencepe imediat, iar fabrica ar urma s\u0103 fie finalizat\u0103 \u00eentr-un an. Primarul Ion B\u00eerc\u0103 sper\u0103 ca dezvoltarea investi\u021biei s\u0103 aduc\u0103 noi locuri de munc\u0103 \u0219i familii noi \u00een comun\u0103, c\u0103rora s\u0103 le poat\u0103 fi repartizate apartamentele din blocul social.<\/p>\n","protected":false},"excerpt":{"rendered":"<p class=\"text-justify mb-2\" >Autorit\u0103\u021bile din Turburea sper\u0103 s\u0103 finalizeze p\u00e2n\u0103 \u00een luna noiembrie lucr\u0103rile la blocul cu locuin\u021be sociale preluat de la OMV Petrom, iar cele 29 de apartamente ar putea deveni, \u00een viitor, locuin\u021be pentru familiile angaja\u021bilor unei noi fabrici de hran\u0103 pentru animale.\u00a0Blocul cu patru etaje [&hellip;]<\/p>\n","protected":false},"author":2,"featured_media":7215,"comment_status":"open","ping_status":"open","sticky":false,"template":"","format":"standard","meta":{"footnotes":""},"categories":[5,4],"tags":[],"class_list":["post-7214","post","type-post","status-publish","format-standard","has-post-thumbnail","hentry","category-actualitate","category-ultima-ora"],"_links":{"self":[{"href":"https:\/\/radarmedia.ro\/index.php\/wp-json\/wp\/v2\/posts\/7214","targetHints":{"allow":["GET"]}}],"collection":[{"href":"https:\/\/radarmedia.ro\/index.php\/wp-json\/wp\/v2\/posts"}],"about":[{"href":"https:\/\/radarmedia.ro\/index.php\/wp-json\/wp\/v2\/types\/post"}],"author":[{"embeddable":true,"href":"https:\/\/radarmedia.ro\/index.php\/wp-json\/wp\/v2\/users\/2"}],"replies":[{"embeddable":true,"href":"https:\/\/radarmedia.ro\/index.php\/wp-json\/wp\/v2\/comments?post=7214"}],"version-history":[{"count":1,"href":"https:\/\/radarmedia.ro\/index.php\/wp-json\/wp\/v2\/posts\/7214\/revisions"}],"predecessor-version":[{"id":7216,"href":"https:\/\/radarmedia.ro\/index.php\/wp-json\/wp\/v2\/posts\/7214\/revisions\/7216"}],"wp:featuredmedia":[{"embeddable":true,"href":"https:\/\/radarmedia.ro\/index.php\/wp-json\/wp\/v2\/media\/7215"}],"wp:attachment":[{"href":"https:\/\/radarmedia.ro\/index.php\/wp-json\/wp\/v2\/media?parent=7214"}],"wp:term":[{"taxonomy":"category","embeddable":true,"href":"https:\/\/radarmedia.ro\/index.php\/wp-json\/wp\/v2\/categories?post=7214"},{"taxonomy":"post_tag","embeddable":true,"href":"https:\/\/radarmedia.ro\/index.php\/wp-json\/wp\/v2\/tags?post=7214"}],"curies":[{"name":"wp","href":"https:\/\/api.w.org\/{rel}","templated":true}]}}