{"id":7217,"date":"2026-08-31T19:36:55","date_gmt":"2026-08-31T16:36:55","guid":{"rendered":"https:\/\/radarmedia.ro\/?p=7217"},"modified":"2026-09-01T15:44:06","modified_gmt":"2026-09-01T12:44:06","slug":"dragutesti-si-a-deschis-casa-digitala-platforma-online-dedicata-comunitatii-locale","status":"publish","type":"post","link":"https:\/\/radarmedia.ro\/index.php\/2026\/08\/31\/dragutesti-si-a-deschis-casa-digitala-platforma-online-dedicata-comunitatii-locale\/","title":{"rendered":"Prim\u0103ria face loc de primire pentru cet\u0103\u021beni"},"content":{"rendered":"<p class=\"PDq2pG_selectionAnchorContainer\" data-start=\"0\" data-end=\"272\">Prim\u0103ria comunei Dr\u0103gu\u021be\u0219ti \u00ee\u0219i extinde sediul \u0219i preg\u0103te\u0219te un spa\u021biu special destinat primirii cet\u0103\u021benilor. Primarul Dumitru Ion Popescu spune c\u0103 investi\u021bia are ca scop simplificarea rela\u021biei dintre administra\u021bia local\u0103 \u0219i oameni, \u00een special pentru persoanele v\u00e2rstnice. Edilul afirm\u0103 c\u0103 cet\u0103\u021benii care ajung la prim\u0103rie s\u0103 vor mai fi nevoi\u021bi s\u0103 urce sc\u0103ri sau s\u0103 caute singuri biroul la care trebuie s\u0103 ajung\u0103. Ace\u0219tia vor putea fi primi\u021bi \u00eentr-un spa\u021biu amenajat la parter, unde angaja\u021bii institu\u021biei vor veni pentru a le prelua \u0219i rezolva solicit\u0103rile. \u201d\u00cen fa\u021ba prim\u0103riei am extins institu\u021bia \u0219i facem un loc de primire pentru cet\u0103\u021beni. Vreau ca cet\u0103\u021benii s\u0103 intre \u00een institu\u021bie, s\u0103 ia loc pe un scaun, iar angaja\u021bii prim\u0103riei s\u0103 vin\u0103 \u0219i s\u0103 le rezolve dolean\u021bele. Nu mai vreau ca oamenii \u00een v\u00e2rst\u0103 s\u0103 mearg\u0103 pe sc\u0103ri, s\u0103 urce, s\u0103 nu \u0219tie la ce birou s\u0103 bat\u0103\u201d, a spus primarul.<\/p>\n<p class=\"PDq2pG_selectionAnchorContainer\" data-start=\"831\" data-end=\"1113\">Popescu spune c\u0103, \u00een cadrul prim\u0103riei, exist\u0103 deja o persoan\u0103 desemnat\u0103 s\u0103 \u00eei preia pe cet\u0103\u021beni \u0219i s\u0103 \u00eei ajute s\u0103 \u00ee\u0219i rezolve problemele. \u201dDe mai mult timp, am delegat o doamn\u0103, care, c\u00e2nd intr\u0103 oamenii \u00een prim\u0103rie, s\u0103-i preia \u0219i s\u0103 le rezolve problemele. Dac\u0103 schimb\u0103m \u0219i prelungim institu\u021bia, o facem pentru cet\u0103\u021beni, nu pentru poftele noastre\u201d, a declarat Dumitru Ion Popescu, primarul comunei Dr\u0103gu\u021be\u0219ti\u201d, a mai transmis primarul comunei Dr\u0103gu\u021be\u0219ti.<\/p>\n<p class=\"PDq2pG_selectionAnchorContainer\" data-start=\"0\" data-end=\"272\">\n","protected":false},"excerpt":{"rendered":"<p class=\"text-justify mb-2\" >Prim\u0103ria comunei Dr\u0103gu\u021be\u0219ti \u00ee\u0219i extinde sediul \u0219i preg\u0103te\u0219te un spa\u021biu special destinat primirii cet\u0103\u021benilor. Primarul Dumitru Ion Popescu spune c\u0103 investi\u021bia are ca scop simplificarea rela\u021biei dintre administra\u021bia local\u0103 \u0219i oameni, \u00een special pentru persoanele v\u00e2rstnice. Edilul afirm\u0103 c\u0103 cet\u0103\u021benii care ajung la prim\u0103rie s\u0103 [&hellip;]<\/p>\n","protected":false},"author":2,"featured_media":6335,"comment_status":"open","ping_status":"open","sticky":false,"template":"","format":"standard","meta":{"footnotes":""},"categories":[5,4],"tags":[],"class_list":["post-7217","post","type-post","status-publish","format-standard","has-post-thumbnail","hentry","category-actualitate","category-ultima-ora"],"_links":{"self":[{"href":"https:\/\/radarmedia.ro\/index.php\/wp-json\/wp\/v2\/posts\/7217","targetHints":{"allow":["GET"]}}],"collection":[{"href":"https:\/\/radarmedia.ro\/index.php\/wp-json\/wp\/v2\/posts"}],"about":[{"href":"https:\/\/radarmedia.ro\/index.php\/wp-json\/wp\/v2\/types\/post"}],"author":[{"embeddable":true,"href":"https:\/\/radarmedia.ro\/index.php\/wp-json\/wp\/v2\/users\/2"}],"replies":[{"embeddable":true,"href":"https:\/\/radarmedia.ro\/index.php\/wp-json\/wp\/v2\/comments?post=7217"}],"version-history":[{"count":5,"href":"https:\/\/radarmedia.ro\/index.php\/wp-json\/wp\/v2\/posts\/7217\/revisions"}],"predecessor-version":[{"id":7235,"href":"https:\/\/radarmedia.ro\/index.php\/wp-json\/wp\/v2\/posts\/7217\/revisions\/7235"}],"wp:featuredmedia":[{"embeddable":true,"href":"https:\/\/radarmedia.ro\/index.php\/wp-json\/wp\/v2\/media\/6335"}],"wp:attachment":[{"href":"https:\/\/radarmedia.ro\/index.php\/wp-json\/wp\/v2\/media?parent=7217"}],"wp:term":[{"taxonomy":"category","embeddable":true,"href":"https:\/\/radarmedia.ro\/index.php\/wp-json\/wp\/v2\/categories?post=7217"},{"taxonomy":"post_tag","embeddable":true,"href":"https:\/\/radarmedia.ro\/index.php\/wp-json\/wp\/v2\/tags?post=7217"}],"curies":[{"name":"wp","href":"https:\/\/api.w.org\/{rel}","templated":true}]}}