{"id":7223,"date":"2026-08-31T19:48:25","date_gmt":"2026-08-31T16:48:25","guid":{"rendered":"https:\/\/radarmedia.ro\/?p=7223"},"modified":"2026-08-31T19:48:25","modified_gmt":"2026-08-31T16:48:25","slug":"vicele-din-stejari-a-facut-accident-si-a-fugit-la-spital-a-spus-ca-a-cazut","status":"publish","type":"post","link":"https:\/\/radarmedia.ro\/index.php\/2026\/08\/31\/vicele-din-stejari-a-facut-accident-si-a-fugit-la-spital-a-spus-ca-a-cazut\/","title":{"rendered":"Vicele din Stejari a f\u0103cut accident \u0219i a fugit. La spital a spus c\u0103 \u201ea c\u0103zut\u201d"},"content":{"rendered":"<p>Un accident produs \u00een toiul nop\u021bii, \u00een weekend, \u00een comuna Stejari, a ajuns \u00een aten\u021bia poli\u021bi\u0219tilor, dup\u0103 informa\u021biile publicate \u00een pres\u0103. Viceprimarul comunei, Alexandru \u0218tef\u0103nescu, este acum cercetat penal dup\u0103 ce ar fi\u00a0 pierdut controlul autoturismului \u0219i a lovit mai multe capete de pod \u0219i gardurile unor gospod\u0103rii.\u00a0Potrivit anchetatorilor, accidentul s-a produs pe 30 august, \u00een jurul orei 0:20, pe DJ 605 B, \u00een timp ce viceprimarul se deplasa c\u0103tre Piscoiu. Dup\u0103 impact, acesta a p\u0103r\u0103sit locul accidentului \u0219i ar fi mers acas\u0103. Dup\u0103 aproximativ o or\u0103, b\u0103rbatul s-a prezentat la Unitatea de Primiri-Urgen\u021be a Spitalului T\u00e2rgu-C\u0103rbune\u0219ti, unde a declarat c\u0103 a c\u0103zut \u00een curtea locuin\u021bei. Informa\u021bia a fost relatat\u0103 de GorjOnline, care a publicat \u0219i imagini de la locul accidentului.<\/p>\n<p>Mai mult, potrivit informa\u021biilor publicate de jurnali\u0219ti, autoturismul ar fi fost ridicat de la locul accidentului cu ajutorul unui utilaj \u0219i transportat \u00eentr-un spa\u021biu privat. Poli\u021bi\u0219tii au stabilit ulterior c\u0103 un alt b\u0103rbat din localitate ar fi intervenit pentru mutarea ma\u0219inii, modific\u00e2nd astfel locul producerii evenimentului.\u00a0Dup\u0103 apari\u021bia informa\u021biilor \u00een spa\u021biul public, poli\u021bi\u0219tii au f\u0103cut verific\u0103ri pentru a stabili ce s-a \u00eent\u00e2mplat \u00een realitate. Viceprimarul s-a prezentat ulterior la sediul Poli\u021biei T\u00e2rgu-C\u0103rbune\u0219ti, unde a recunoscut producerea accidentului.\u00a0Testarea cu aparatul etilotest a avut rezultat negativ.<\/p>\n<p>\u00cen urma cercet\u0103rilor, poli\u021bi\u0219tii au deschis un dosar penal pentru v\u0103t\u0103mare corporal\u0103 din culp\u0103 \u0219i p\u0103r\u0103sirea locului accidentului ori modificarea sau \u0219tergerea urmelor acestuia.<\/p>\n<p>&nbsp;<\/p>\n","protected":false},"excerpt":{"rendered":"<p class=\"text-justify mb-2\" >Un accident produs \u00een toiul nop\u021bii, \u00een weekend, \u00een comuna Stejari, a ajuns \u00een aten\u021bia poli\u021bi\u0219tilor, dup\u0103 informa\u021biile publicate \u00een pres\u0103. Viceprimarul comunei, Alexandru \u0218tef\u0103nescu, este acum cercetat penal dup\u0103 ce ar fi\u00a0 pierdut controlul autoturismului \u0219i a lovit mai multe capete de pod \u0219i [&hellip;]<\/p>\n","protected":false},"author":2,"featured_media":7224,"comment_status":"open","ping_status":"open","sticky":false,"template":"","format":"standard","meta":{"footnotes":""},"categories":[13,4],"tags":[],"class_list":["post-7223","post","type-post","status-publish","format-standard","has-post-thumbnail","hentry","category-eveniment","category-ultima-ora"],"_links":{"self":[{"href":"https:\/\/radarmedia.ro\/index.php\/wp-json\/wp\/v2\/posts\/7223","targetHints":{"allow":["GET"]}}],"collection":[{"href":"https:\/\/radarmedia.ro\/index.php\/wp-json\/wp\/v2\/posts"}],"about":[{"href":"https:\/\/radarmedia.ro\/index.php\/wp-json\/wp\/v2\/types\/post"}],"author":[{"embeddable":true,"href":"https:\/\/radarmedia.ro\/index.php\/wp-json\/wp\/v2\/users\/2"}],"replies":[{"embeddable":true,"href":"https:\/\/radarmedia.ro\/index.php\/wp-json\/wp\/v2\/comments?post=7223"}],"version-history":[{"count":1,"href":"https:\/\/radarmedia.ro\/index.php\/wp-json\/wp\/v2\/posts\/7223\/revisions"}],"predecessor-version":[{"id":7225,"href":"https:\/\/radarmedia.ro\/index.php\/wp-json\/wp\/v2\/posts\/7223\/revisions\/7225"}],"wp:featuredmedia":[{"embeddable":true,"href":"https:\/\/radarmedia.ro\/index.php\/wp-json\/wp\/v2\/media\/7224"}],"wp:attachment":[{"href":"https:\/\/radarmedia.ro\/index.php\/wp-json\/wp\/v2\/media?parent=7223"}],"wp:term":[{"taxonomy":"category","embeddable":true,"href":"https:\/\/radarmedia.ro\/index.php\/wp-json\/wp\/v2\/categories?post=7223"},{"taxonomy":"post_tag","embeddable":true,"href":"https:\/\/radarmedia.ro\/index.php\/wp-json\/wp\/v2\/tags?post=7223"}],"curies":[{"name":"wp","href":"https:\/\/api.w.org\/{rel}","templated":true}]}}