{"id":7240,"date":"2026-09-03T12:24:08","date_gmt":"2026-09-03T09:24:08","guid":{"rendered":"https:\/\/radarmedia.ro\/?p=7240"},"modified":"2026-09-03T12:24:08","modified_gmt":"2026-09-03T09:24:08","slug":"lectura-in-jurul-mesei-tacerii-alaturi-de-maia-morgenstern","status":"publish","type":"post","link":"https:\/\/radarmedia.ro\/index.php\/2026\/09\/03\/lectura-in-jurul-mesei-tacerii-alaturi-de-maia-morgenstern\/","title":{"rendered":"Lectur\u0103 \u00een jurul \u201eMesei T\u0103cerii\u201d, al\u0103turi de Maia Morgenstern"},"content":{"rendered":"<p data-start=\"114\" data-end=\"279\">Turneul na\u0163ional \u201eMi\u015fcarea pentru Lectur\u0103\u201d ajunge s\u00e2mb\u0103t\u0103, 12 septembrie, la T\u00e2rgu Jiu, cu un eveniment inedit desf\u0103\u015furat \u00een jurul sculpturii \u201eMasa T\u0103cerii\u201d.\u00a0\u00centre orele 16:00 \u015fi 18:00, participan\u0163ii sunt invita\u0163i la un \u201eSilent Reading Party\u201d, unde vor citi timp de 40 de minute, fiecare din cartea aleas\u0103. Momentul va fi urmat de un dialog cu actri\u0163a Maia Morgenstern, cet\u0103\u0163ean de onoare al municipiului T\u00e2rgu Jiu, despre lectur\u0103 \u015fi rolul c\u0103r\u0163ilor \u00een via\u0163a de zi cu zi.<\/p>\n<p data-start=\"603\" data-end=\"769\">Evenimentul are loc \u00een contextul celebr\u0103rii a 150 de ani de la na\u015fterea lui Constantin Br\u00e2ncu\u015fi \u015fi \u00ee\u015fi propune s\u0103 transforme lectura \u00eentr-o experien\u0163\u0103 comunitar\u0103.\u00a0\u00cen aceea\u015fi zi, \u00eentre 11:00 \u015fi 12:00, Maia Morgenstern va participa la o \u00eent\u00e2lnire cu publicul la Shopping City T\u00e2rgu Jiu, unde va vorbi despre c\u0103r\u0163ile care au format-o \u015fi despre volumele sale de memorialistic\u0103. \u00cent\u00e2lnirea va fi urmat\u0103 de \u00eentreb\u0103ri \u015fi autografe.\u00a0Participarea este gratuit\u0103, iar evenimentele sunt deschise tuturor v\u00e2rstelor, f\u0103r\u0103 \u00eenscriere prealabil\u0103.<\/p>\n","protected":false},"excerpt":{"rendered":"<p class=\"text-justify mb-2\" >Turneul na\u0163ional \u201eMi\u015fcarea pentru Lectur\u0103\u201d ajunge s\u00e2mb\u0103t\u0103, 12 septembrie, la T\u00e2rgu Jiu, cu un eveniment inedit desf\u0103\u015furat \u00een jurul sculpturii \u201eMasa T\u0103cerii\u201d.\u00a0\u00centre orele 16:00 \u015fi 18:00, participan\u0163ii sunt invita\u0163i la un \u201eSilent Reading Party\u201d, unde vor citi timp de 40 de minute, fiecare din cartea [&hellip;]<\/p>\n","protected":false},"author":2,"featured_media":7241,"comment_status":"open","ping_status":"open","sticky":false,"template":"","format":"standard","meta":{"footnotes":""},"categories":[5,4],"tags":[],"class_list":["post-7240","post","type-post","status-publish","format-standard","has-post-thumbnail","hentry","category-actualitate","category-ultima-ora"],"_links":{"self":[{"href":"https:\/\/radarmedia.ro\/index.php\/wp-json\/wp\/v2\/posts\/7240","targetHints":{"allow":["GET"]}}],"collection":[{"href":"https:\/\/radarmedia.ro\/index.php\/wp-json\/wp\/v2\/posts"}],"about":[{"href":"https:\/\/radarmedia.ro\/index.php\/wp-json\/wp\/v2\/types\/post"}],"author":[{"embeddable":true,"href":"https:\/\/radarmedia.ro\/index.php\/wp-json\/wp\/v2\/users\/2"}],"replies":[{"embeddable":true,"href":"https:\/\/radarmedia.ro\/index.php\/wp-json\/wp\/v2\/comments?post=7240"}],"version-history":[{"count":1,"href":"https:\/\/radarmedia.ro\/index.php\/wp-json\/wp\/v2\/posts\/7240\/revisions"}],"predecessor-version":[{"id":7242,"href":"https:\/\/radarmedia.ro\/index.php\/wp-json\/wp\/v2\/posts\/7240\/revisions\/7242"}],"wp:featuredmedia":[{"embeddable":true,"href":"https:\/\/radarmedia.ro\/index.php\/wp-json\/wp\/v2\/media\/7241"}],"wp:attachment":[{"href":"https:\/\/radarmedia.ro\/index.php\/wp-json\/wp\/v2\/media?parent=7240"}],"wp:term":[{"taxonomy":"category","embeddable":true,"href":"https:\/\/radarmedia.ro\/index.php\/wp-json\/wp\/v2\/categories?post=7240"},{"taxonomy":"post_tag","embeddable":true,"href":"https:\/\/radarmedia.ro\/index.php\/wp-json\/wp\/v2\/tags?post=7240"}],"curies":[{"name":"wp","href":"https:\/\/api.w.org\/{rel}","templated":true}]}}