{"id":7243,"date":"2026-09-03T13:40:48","date_gmt":"2026-09-03T10:40:48","guid":{"rendered":"https:\/\/radarmedia.ro\/?p=7243"},"modified":"2026-09-03T13:40:48","modified_gmt":"2026-09-03T10:40:48","slug":"perchezitii-dna-la-garda-de-mediu-gorj-si-domiciliile-unor-angajati","status":"publish","type":"post","link":"https:\/\/radarmedia.ro\/index.php\/2026\/09\/03\/perchezitii-dna-la-garda-de-mediu-gorj-si-domiciliile-unor-angajati\/","title":{"rendered":"Perchezi\u021bii DNA la Garda de Mediu Gorj \u0219i domiciliile unor angaja\u021bi"},"content":{"rendered":"<p>Procurorii DNA efectueaz\u0103, joi diminea\u021b\u0103, perchezi\u021bii la sediul G\u0103rzii de Mediu Gorj din T\u00e2rgu Jiu \u0219i la domiciliile unor persoane. Potrivit informa\u021biilor disponibile, cinci persoane sunt vizate, printre acestea afl\u00e2ndu-se \u0219i \u0219eful G\u0103rzii de Mediu Gorj, Gheorghe Sanda.\u00a0Procurorii verific\u0103 documente \u0219i echipamente informatice, \u00eentr-un dosar care ar viza posibile fapte de corup\u021bie.<\/p>\n<p>Activitatea G\u0103rzii de Mediu Gorj a mai fost verificat\u0103 anterior de Corpul de Control al Ministerului Mediului, \u00een cadrul unor controale distincte de actuala anchet\u0103 DNA.\u00a0Deocamdat\u0103, procurorii nu au comunicat oficial faptele cercetate \u0219i nici calitatea procesual\u0103 a persoanelor vizate.<\/p>\n<p>Revenim cu detalii.<\/p>\n","protected":false},"excerpt":{"rendered":"<p class=\"text-justify mb-2\" >Procurorii DNA efectueaz\u0103, joi diminea\u021b\u0103, perchezi\u021bii la sediul G\u0103rzii de Mediu Gorj din T\u00e2rgu Jiu \u0219i la domiciliile unor persoane. Potrivit informa\u021biilor disponibile, cinci persoane sunt vizate, printre acestea afl\u00e2ndu-se \u0219i \u0219eful G\u0103rzii de Mediu Gorj, Gheorghe Sanda.\u00a0Procurorii verific\u0103 documente \u0219i echipamente informatice, \u00eentr-un dosar [&hellip;]<\/p>\n","protected":false},"author":2,"featured_media":7244,"comment_status":"open","ping_status":"open","sticky":false,"template":"","format":"standard","meta":{"footnotes":""},"categories":[13,4],"tags":[],"class_list":["post-7243","post","type-post","status-publish","format-standard","has-post-thumbnail","hentry","category-eveniment","category-ultima-ora"],"_links":{"self":[{"href":"https:\/\/radarmedia.ro\/index.php\/wp-json\/wp\/v2\/posts\/7243","targetHints":{"allow":["GET"]}}],"collection":[{"href":"https:\/\/radarmedia.ro\/index.php\/wp-json\/wp\/v2\/posts"}],"about":[{"href":"https:\/\/radarmedia.ro\/index.php\/wp-json\/wp\/v2\/types\/post"}],"author":[{"embeddable":true,"href":"https:\/\/radarmedia.ro\/index.php\/wp-json\/wp\/v2\/users\/2"}],"replies":[{"embeddable":true,"href":"https:\/\/radarmedia.ro\/index.php\/wp-json\/wp\/v2\/comments?post=7243"}],"version-history":[{"count":1,"href":"https:\/\/radarmedia.ro\/index.php\/wp-json\/wp\/v2\/posts\/7243\/revisions"}],"predecessor-version":[{"id":7245,"href":"https:\/\/radarmedia.ro\/index.php\/wp-json\/wp\/v2\/posts\/7243\/revisions\/7245"}],"wp:featuredmedia":[{"embeddable":true,"href":"https:\/\/radarmedia.ro\/index.php\/wp-json\/wp\/v2\/media\/7244"}],"wp:attachment":[{"href":"https:\/\/radarmedia.ro\/index.php\/wp-json\/wp\/v2\/media?parent=7243"}],"wp:term":[{"taxonomy":"category","embeddable":true,"href":"https:\/\/radarmedia.ro\/index.php\/wp-json\/wp\/v2\/categories?post=7243"},{"taxonomy":"post_tag","embeddable":true,"href":"https:\/\/radarmedia.ro\/index.php\/wp-json\/wp\/v2\/tags?post=7243"}],"curies":[{"name":"wp","href":"https:\/\/api.w.org\/{rel}","templated":true}]}}