{"id":7246,"date":"2026-09-03T15:02:04","date_gmt":"2026-09-03T12:02:04","guid":{"rendered":"https:\/\/radarmedia.ro\/?p=7246"},"modified":"2026-09-03T15:02:04","modified_gmt":"2026-09-03T12:02:04","slug":"bataie-cu-bate-si-macete-in-strada-patru-persoane-au-ajuns-la-spital","status":"publish","type":"post","link":"https:\/\/radarmedia.ro\/index.php\/2026\/09\/03\/bataie-cu-bate-si-macete-in-strada-patru-persoane-au-ajuns-la-spital\/","title":{"rendered":"B\u0103taie cu b\u00e2te \u0219i macete, \u00een strad\u0103. Patru persoane au ajuns la spital"},"content":{"rendered":"<p class=\"isSelectedEnd\">Un conflict a degenerat, \u00een satul Pe\u0219teana Jiu, din comuna B\u00e2lteni, unde mai multe persoane s-au confruntat pe strad\u0103. Patru oameni au fost r\u0103ni\u021bi \u0219i transporta\u021bi la spital, iar patru persoane au fost re\u021binute de poli\u021bi\u0219ti.\u00a0Conflictul a izbucnit \u00een seara de 1 septembrie, \u00een jurul orei 21:00. Poli\u021bi\u0219tii au fost chema\u021bi prin 112, dup\u0103 ce o femeie a anun\u021bat c\u0103 pe strada I.C. Popilian are loc un scandal \u00eentre mai multe persoane.<\/p>\n<p class=\"isSelectedEnd\">Potrivit IPJ Gorj, patru persoane din B\u00e2lteni \u2013 trei b\u0103rba\u021bi cu v\u00e2rste de 22, 26 \u0219i 51 de ani \u0219i o femeie de 48 de ani \u2013 sunt b\u0103nuite c\u0103 au agresat alte patru persoane din aceea\u0219i localitate, folosind obiecte contondente \u0219i t\u0103ietoare.\u00a0Surse judiciare au declarat c\u0103, \u00een timpul conflictului, ar fi fost folosite b\u00e2te, macete \u0219i cu\u021bite. Aceast\u0103 informa\u021bie nu a fost detaliat\u0103 oficial de IPJ Gorj, care a comunicat doar folosirea unor obiecte contondente \u0219i t\u0103ietoare.\u00a0Cele patru victime au suferit leziuni \u0219i au fost transportate la spital pentru \u00eengrijiri medicale.<\/p>\n<p class=\"isSelectedEnd\">\u00cen urma cercet\u0103rilor, poli\u021bi\u0219tii au re\u021binut cele patru persoane suspectate de implicare \u00een conflict. Trei dintre acestea au fost prezentate, miercuri, procurorilor de la Parchetul de pe l\u00e2ng\u0103 Judec\u0103toria T\u00e2rgu Jiu, fiind plasate sub control judiciar pentru 60 de zile, cu monitorizare electronic\u0103.\u00a0Dosarul este cercetat sub aspectul s\u0103v\u00e2r\u0219irii infrac\u021biunilor de tulburarea ordinii \u0219i lini\u0219tii publice \u0219i lovirea sau alte violen\u021be.<\/p>\n","protected":false},"excerpt":{"rendered":"<p class=\"text-justify mb-2\" >Un conflict a degenerat, \u00een satul Pe\u0219teana Jiu, din comuna B\u00e2lteni, unde mai multe persoane s-au confruntat pe strad\u0103. Patru oameni au fost r\u0103ni\u021bi \u0219i transporta\u021bi la spital, iar patru persoane au fost re\u021binute de poli\u021bi\u0219ti.\u00a0Conflictul a izbucnit \u00een seara de 1 septembrie, \u00een jurul [&hellip;]<\/p>\n","protected":false},"author":2,"featured_media":7177,"comment_status":"open","ping_status":"open","sticky":false,"template":"","format":"standard","meta":{"footnotes":""},"categories":[13,4],"tags":[],"class_list":["post-7246","post","type-post","status-publish","format-standard","has-post-thumbnail","hentry","category-eveniment","category-ultima-ora"],"_links":{"self":[{"href":"https:\/\/radarmedia.ro\/index.php\/wp-json\/wp\/v2\/posts\/7246","targetHints":{"allow":["GET"]}}],"collection":[{"href":"https:\/\/radarmedia.ro\/index.php\/wp-json\/wp\/v2\/posts"}],"about":[{"href":"https:\/\/radarmedia.ro\/index.php\/wp-json\/wp\/v2\/types\/post"}],"author":[{"embeddable":true,"href":"https:\/\/radarmedia.ro\/index.php\/wp-json\/wp\/v2\/users\/2"}],"replies":[{"embeddable":true,"href":"https:\/\/radarmedia.ro\/index.php\/wp-json\/wp\/v2\/comments?post=7246"}],"version-history":[{"count":1,"href":"https:\/\/radarmedia.ro\/index.php\/wp-json\/wp\/v2\/posts\/7246\/revisions"}],"predecessor-version":[{"id":7247,"href":"https:\/\/radarmedia.ro\/index.php\/wp-json\/wp\/v2\/posts\/7246\/revisions\/7247"}],"wp:featuredmedia":[{"embeddable":true,"href":"https:\/\/radarmedia.ro\/index.php\/wp-json\/wp\/v2\/media\/7177"}],"wp:attachment":[{"href":"https:\/\/radarmedia.ro\/index.php\/wp-json\/wp\/v2\/media?parent=7246"}],"wp:term":[{"taxonomy":"category","embeddable":true,"href":"https:\/\/radarmedia.ro\/index.php\/wp-json\/wp\/v2\/categories?post=7246"},{"taxonomy":"post_tag","embeddable":true,"href":"https:\/\/radarmedia.ro\/index.php\/wp-json\/wp\/v2\/tags?post=7246"}],"curies":[{"name":"wp","href":"https:\/\/api.w.org\/{rel}","templated":true}]}}