{"id":728,"date":"2021-06-23T12:42:35","date_gmt":"2021-06-23T09:42:35","guid":{"rendered":"http:\/\/radarmedia.ro\/?p=728"},"modified":"2021-06-23T12:42:35","modified_gmt":"2021-06-23T09:42:35","slug":"reparatii-auto-cu-angajati-la-negru-amenda-de-40-000-de-lei","status":"publish","type":"post","link":"https:\/\/radarmedia.ro\/index.php\/2021\/06\/23\/reparatii-auto-cu-angajati-la-negru-amenda-de-40-000-de-lei\/","title":{"rendered":"Repara\u021bii auto, cu angaja\u021bi &#8222;la negru&#8221;. Amend\u0103 de 40.000 de lei"},"content":{"rendered":"<p>Inspectorii de munc\u0103 au depistat dou\u0103 persoane, care munceau ilegal, la un service auto din S\u0103celu. Angajatorul, cu domeniu de activitate \u00eentre\u021binerea \u0219i repararea autovehiculelor, a fost sanc\u021bionat de reprezentan\u021bii Inspectoratului Teritorial de Munc\u0103 (ITM) cu amend\u0103 \u00een valoare de 40.000 de lei.\u00a0Un alt angajator, din domeniul construc\u021biilor, cu sediul \u00een ora\u0219ul Rovinari, care folosea \u00een activitate o persoan\u0103 pentru care nu avea \u00eencheiat \u00een prealabil contract individual de munc\u0103, a fost sanc\u021bionat cu amend\u0103 \u00een valoare de 20.000 de lei.\u00a0\u201e\u00cen perioada 14-18 iunie 2021, inspectorii de munc\u0103 din cadrul Inspectoratului Teritorial de Munc\u0103 Gorj au efectuat un num\u0103r total de 52 de controale care au vizat at\u00e2t rela\u021biile de munc\u0103, c\u00e2t \u0219i securitatea \u0219i s\u0103n\u0103tatea \u00een munc\u0103, fiind aplicate 36 de amenzi contraven\u021bionale \u00een cuantum de 189.000 de lei, 177 de m\u0103suri obligatorii \u00een sarcina angajatorilor sanc\u021biona\u021bi \u0219i 3 avertismente\u201d a declarat George Octavian Romanescu, inspector-\u0219ef al Inspectoratului Teritorial de Munc\u0103 Gorj.<\/p>\n","protected":false},"excerpt":{"rendered":"<p class=\"text-justify mb-2\" >Inspectorii de munc\u0103 au depistat dou\u0103 persoane, care munceau ilegal, la un service auto din S\u0103celu. Angajatorul, cu domeniu de activitate \u00eentre\u021binerea \u0219i repararea autovehiculelor, a fost sanc\u021bionat de reprezentan\u021bii Inspectoratului Teritorial de Munc\u0103 (ITM) cu amend\u0103 \u00een valoare de 40.000 de lei.\u00a0Un alt angajator, [&hellip;]<\/p>\n","protected":false},"author":1,"featured_media":353,"comment_status":"open","ping_status":"open","sticky":false,"template":"","format":"standard","meta":{"footnotes":""},"categories":[13,2,4],"tags":[],"class_list":["post-728","post","type-post","status-publish","format-standard","has-post-thumbnail","hentry","category-eveniment","category-featured","category-ultima-ora"],"_links":{"self":[{"href":"https:\/\/radarmedia.ro\/index.php\/wp-json\/wp\/v2\/posts\/728","targetHints":{"allow":["GET"]}}],"collection":[{"href":"https:\/\/radarmedia.ro\/index.php\/wp-json\/wp\/v2\/posts"}],"about":[{"href":"https:\/\/radarmedia.ro\/index.php\/wp-json\/wp\/v2\/types\/post"}],"author":[{"embeddable":true,"href":"https:\/\/radarmedia.ro\/index.php\/wp-json\/wp\/v2\/users\/1"}],"replies":[{"embeddable":true,"href":"https:\/\/radarmedia.ro\/index.php\/wp-json\/wp\/v2\/comments?post=728"}],"version-history":[{"count":1,"href":"https:\/\/radarmedia.ro\/index.php\/wp-json\/wp\/v2\/posts\/728\/revisions"}],"predecessor-version":[{"id":729,"href":"https:\/\/radarmedia.ro\/index.php\/wp-json\/wp\/v2\/posts\/728\/revisions\/729"}],"wp:featuredmedia":[{"embeddable":true,"href":"https:\/\/radarmedia.ro\/index.php\/wp-json\/wp\/v2\/media\/353"}],"wp:attachment":[{"href":"https:\/\/radarmedia.ro\/index.php\/wp-json\/wp\/v2\/media?parent=728"}],"wp:term":[{"taxonomy":"category","embeddable":true,"href":"https:\/\/radarmedia.ro\/index.php\/wp-json\/wp\/v2\/categories?post=728"},{"taxonomy":"post_tag","embeddable":true,"href":"https:\/\/radarmedia.ro\/index.php\/wp-json\/wp\/v2\/tags?post=728"}],"curies":[{"name":"wp","href":"https:\/\/api.w.org\/{rel}","templated":true}]}}