{"id":737,"date":"2021-06-23T15:38:59","date_gmt":"2021-06-23T12:38:59","guid":{"rendered":"http:\/\/radarmedia.ro\/?p=737"},"modified":"2021-06-23T15:38:59","modified_gmt":"2021-06-23T12:38:59","slug":"pfs-primarii-anuntati-de-ministerul-dezvoltarii-ca-nu-mai-sunt-bani-de-lucrari","status":"publish","type":"post","link":"https:\/\/radarmedia.ro\/index.php\/2021\/06\/23\/pfs-primarii-anuntati-de-ministerul-dezvoltarii-ca-nu-mai-sunt-bani-de-lucrari\/","title":{"rendered":"PFS: Primarii, anun\u021ba\u021bi de Ministerul Dezvolt\u0103rii c\u0103 nu mai sunt bani de lucr\u0103ri"},"content":{"rendered":"<p>Un document, publicat de <a href=\"https:\/\/presafarastapani.ro\/document-primarii-anuntati-ca-nu-mai-primesc-bani-de-la-buget-ministerul-dezvoltarii-puteti-sista-lucrarile\/\">presafarastapani.ro<\/a>, arat\u0103 c\u0103 Ministerul Dezvolt\u0103rii a anun\u021bat prim\u0103riile din \u021bar\u0103, cu nu mai are bani pentru proiectele din Planul na\u021bional de dezvoltare local\u0103 (PNDR). O adres\u0103 semnat\u0103 de ministrul Cseke Attila, trimis\u0103 \u00een teritoriu, \u00eei \u00een\u0219tiin\u021beaz\u0103 pe edili s\u0103 pl\u0103teasc\u0103 din bugetele locale investi\u021biile sau s\u0103 le sisteze.<\/p>\n<p>Mai multe detalii g\u0103si\u021bi pe <a href=\"https:\/\/presafarastapani.ro\/document-primarii-anuntati-ca-nu-mai-primesc-bani-de-la-buget-ministerul-dezvoltarii-puteti-sista-lucrarile\/\">presafarastapani.ro<\/a><\/p>\n","protected":false},"excerpt":{"rendered":"<p class=\"text-justify mb-2\" >Un document, publicat de presafarastapani.ro, arat\u0103 c\u0103 Ministerul Dezvolt\u0103rii a anun\u021bat prim\u0103riile din \u021bar\u0103, cu nu mai are bani pentru proiectele din Planul na\u021bional de dezvoltare local\u0103 (PNDR). O adres\u0103 semnat\u0103 de ministrul Cseke Attila, trimis\u0103 \u00een teritoriu, \u00eei \u00een\u0219tiin\u021beaz\u0103 pe edili s\u0103 pl\u0103teasc\u0103 din [&hellip;]<\/p>\n","protected":false},"author":1,"featured_media":738,"comment_status":"open","ping_status":"open","sticky":false,"template":"","format":"standard","meta":{"footnotes":""},"categories":[2,3,4],"tags":[],"class_list":["post-737","post","type-post","status-publish","format-standard","has-post-thumbnail","hentry","category-featured","category-politic","category-ultima-ora"],"_links":{"self":[{"href":"https:\/\/radarmedia.ro\/index.php\/wp-json\/wp\/v2\/posts\/737","targetHints":{"allow":["GET"]}}],"collection":[{"href":"https:\/\/radarmedia.ro\/index.php\/wp-json\/wp\/v2\/posts"}],"about":[{"href":"https:\/\/radarmedia.ro\/index.php\/wp-json\/wp\/v2\/types\/post"}],"author":[{"embeddable":true,"href":"https:\/\/radarmedia.ro\/index.php\/wp-json\/wp\/v2\/users\/1"}],"replies":[{"embeddable":true,"href":"https:\/\/radarmedia.ro\/index.php\/wp-json\/wp\/v2\/comments?post=737"}],"version-history":[{"count":1,"href":"https:\/\/radarmedia.ro\/index.php\/wp-json\/wp\/v2\/posts\/737\/revisions"}],"predecessor-version":[{"id":739,"href":"https:\/\/radarmedia.ro\/index.php\/wp-json\/wp\/v2\/posts\/737\/revisions\/739"}],"wp:featuredmedia":[{"embeddable":true,"href":"https:\/\/radarmedia.ro\/index.php\/wp-json\/wp\/v2\/media\/738"}],"wp:attachment":[{"href":"https:\/\/radarmedia.ro\/index.php\/wp-json\/wp\/v2\/media?parent=737"}],"wp:term":[{"taxonomy":"category","embeddable":true,"href":"https:\/\/radarmedia.ro\/index.php\/wp-json\/wp\/v2\/categories?post=737"},{"taxonomy":"post_tag","embeddable":true,"href":"https:\/\/radarmedia.ro\/index.php\/wp-json\/wp\/v2\/tags?post=737"}],"curies":[{"name":"wp","href":"https:\/\/api.w.org\/{rel}","templated":true}]}}