{"id":839,"date":"2021-07-07T18:04:42","date_gmt":"2021-07-07T15:04:42","guid":{"rendered":"http:\/\/radarmedia.ro\/?p=839"},"modified":"2021-07-07T18:04:42","modified_gmt":"2021-07-07T15:04:42","slug":"copil-cazut-de-la-etaj-transportat-la-craiova","status":"publish","type":"post","link":"https:\/\/radarmedia.ro\/index.php\/2021\/07\/07\/copil-cazut-de-la-etaj-transportat-la-craiova\/","title":{"rendered":"Copil c\u0103zut de la etaj. Transportat la Craiova"},"content":{"rendered":"<p>Un copil de doi ani a c\u0103zut de la etaj, \u00een aceast\u0103 dup\u0103 amiaz\u0103. Accidentul s-a petrecut \u00een Rovinari. Victima a fost transportat\u0103 la Spitalul Craiova, \u00een stare grav\u0103. Revenim cu detalii.<\/p>\n","protected":false},"excerpt":{"rendered":"<p class=\"text-justify mb-2\" >Un copil de doi ani a c\u0103zut de la etaj, \u00een aceast\u0103 dup\u0103 amiaz\u0103. Accidentul s-a petrecut \u00een Rovinari. Victima a fost transportat\u0103 la Spitalul Craiova, \u00een stare grav\u0103. Revenim cu detalii.<\/p>\n","protected":false},"author":1,"featured_media":319,"comment_status":"open","ping_status":"open","sticky":false,"template":"","format":"standard","meta":{"footnotes":""},"categories":[13,2,4],"tags":[],"class_list":["post-839","post","type-post","status-publish","format-standard","has-post-thumbnail","hentry","category-eveniment","category-featured","category-ultima-ora"],"_links":{"self":[{"href":"https:\/\/radarmedia.ro\/index.php\/wp-json\/wp\/v2\/posts\/839","targetHints":{"allow":["GET"]}}],"collection":[{"href":"https:\/\/radarmedia.ro\/index.php\/wp-json\/wp\/v2\/posts"}],"about":[{"href":"https:\/\/radarmedia.ro\/index.php\/wp-json\/wp\/v2\/types\/post"}],"author":[{"embeddable":true,"href":"https:\/\/radarmedia.ro\/index.php\/wp-json\/wp\/v2\/users\/1"}],"replies":[{"embeddable":true,"href":"https:\/\/radarmedia.ro\/index.php\/wp-json\/wp\/v2\/comments?post=839"}],"version-history":[{"count":1,"href":"https:\/\/radarmedia.ro\/index.php\/wp-json\/wp\/v2\/posts\/839\/revisions"}],"predecessor-version":[{"id":840,"href":"https:\/\/radarmedia.ro\/index.php\/wp-json\/wp\/v2\/posts\/839\/revisions\/840"}],"wp:featuredmedia":[{"embeddable":true,"href":"https:\/\/radarmedia.ro\/index.php\/wp-json\/wp\/v2\/media\/319"}],"wp:attachment":[{"href":"https:\/\/radarmedia.ro\/index.php\/wp-json\/wp\/v2\/media?parent=839"}],"wp:term":[{"taxonomy":"category","embeddable":true,"href":"https:\/\/radarmedia.ro\/index.php\/wp-json\/wp\/v2\/categories?post=839"},{"taxonomy":"post_tag","embeddable":true,"href":"https:\/\/radarmedia.ro\/index.php\/wp-json\/wp\/v2\/tags?post=839"}],"curies":[{"name":"wp","href":"https:\/\/api.w.org\/{rel}","templated":true}]}}