{"id":864,"date":"2021-07-08T16:34:34","date_gmt":"2021-07-08T13:34:34","guid":{"rendered":"http:\/\/radarmedia.ro\/?p=864"},"modified":"2021-07-08T16:34:34","modified_gmt":"2021-07-08T13:34:34","slug":"deputat-de-gorj-scrisoare-deschisa-catre-iohannis-mii-de-oameni-raman-fara-alternativa-concreta","status":"publish","type":"post","link":"https:\/\/radarmedia.ro\/index.php\/2021\/07\/08\/deputat-de-gorj-scrisoare-deschisa-catre-iohannis-mii-de-oameni-raman-fara-alternativa-concreta\/","title":{"rendered":"Deputat de Gorj, scrisoare deschis\u0103 c\u0103tre Iohannis. &#8222;Mii de oameni r\u0103m\u00e2n f\u0103r\u0103 alternativ\u0103 concret\u0103&#8221;"},"content":{"rendered":"<p>Deputatul USR, Radu Miru\u021b\u0103, i-a scris pre\u0219edintelui \u021b\u0103rii, pentru a urgenta promulgarea legii de reducere a v\u00e2rstei de pensionare pentru mineri \u0219i energeticieni. Parlamentarul a publicat escritoirea deschis\u0103, adresat\u0103 pre\u0219edintelui Iohannis.\u00a0\u201cV\u0103 scriu aceste r\u00e2nduri \u00een calitate de deputat USR de Gorj, ini\u021biator al amendamentelor Proiectului de lege 75\/2021, prin care se aduc complet\u0103ri \u0219i modific\u0103ri la articolele 30 \u0219i 56 din Legea privind sistemul unitar de pensii publice, 263\/2010, \u00een sensul recunoa\u0219terii grupei de munc\u0103 \u00een condi\u021bii speciale pentru angaja\u021bii Complexului Energetic Oltenia \u0219i pentru cei ai Complexului Energetic Hunedoara, angaja\u021bi care \u00ee\u0219i desf\u0103\u0219oar\u0103 activitatea \u00een unit\u0103\u021bile de produc\u021bie a energiei electrice pe baz\u0103 de c\u0103rbune, inclusiv \u00een unit\u0103\u021bile de extrac\u021bie a c\u0103rbunelui\u201d, se arat\u0103 \u00een scrisoare adresat\u0103 \u0219efului statului.<\/p>\n<p>Miru\u021b\u0103 \u00eei cere lui Klaus Iohannis s\u0103 promulge legea, care le d\u0103 posibilitatea minerilor \u0219i energeticienilor s\u0103 se pensioneze mai devreme. \u201cAcest proiect de lege, aflat pe masa dumneavostr\u0103 \u00een procedur\u0103 de promulgare, este unul extrem de important pentru obiectivul descris mai sus. El ar ajuta inclusiv la opera\u021bionalizarea planurilor privind tranzi\u021bia energetic\u0103 just\u0103 \u00een jude\u021bele Gorj \u0219i Hunedoara. O tranzi\u021bie just\u0103 de la combustibili fosili la surse alternative, curate, verzi, de energie nu se poate realiza f\u0103r\u0103 acordarea unui suport social adecvat pentru ace\u0219ti lucr\u0103tori, pentru aceste comunit\u0103\u021bi miniere, f\u0103r\u0103 dezvoltarea unor alternative economice viabile, dar acum inexistente, f\u0103r\u0103 investi\u021bii strategice \u00een educa\u021bia, formarea \u0219i reconversia profesional\u0103 a acestor oameni care s\u0103 permit\u0103 accesul la locuri de munc\u0103 decente, corect pl\u0103tite. Fara aceasta plasa de siguranta, in contextul planului de restructurare demarat deja de catre conducerea companiei si Comisia Europeana, mii de oameni raman fara alternativa concreta si imediata. Mediul economic din judetul Gorj, dupa 30 de ani de captivitate este insuficient dezvoltat pentru a putea absorbi aceasta forta de munca ramasa brusc fara alternativa.<\/p>\n<p>\u200bPrin acest proiect de lege se face dreptate pentru c\u00e2teva mii de lucr\u0103tori din industria energetic\u0103, v\u0103duvi\u021bi p\u00e2n\u0103 acum de dreptul legitim la recunoasterea conditiilor reale de lucru, la protec\u021bie social\u0103 pentru activitatea desf\u0103\u0219urat\u0103 \u00een condi\u021bii de munc\u0103 extrem de dificile\u201d, mai scrie deputatul de Gorj.<\/p>\n","protected":false},"excerpt":{"rendered":"<p class=\"text-justify mb-2\" >Deputatul USR, Radu Miru\u021b\u0103, i-a scris pre\u0219edintelui \u021b\u0103rii, pentru a urgenta promulgarea legii de reducere a v\u00e2rstei de pensionare pentru mineri \u0219i energeticieni. Parlamentarul a publicat escritoirea deschis\u0103, adresat\u0103 pre\u0219edintelui Iohannis.\u00a0\u201cV\u0103 scriu aceste r\u00e2nduri \u00een calitate de deputat USR de Gorj, ini\u021biator al amendamentelor Proiectului [&hellip;]<\/p>\n","protected":false},"author":1,"featured_media":865,"comment_status":"open","ping_status":"open","sticky":false,"template":"","format":"standard","meta":{"footnotes":""},"categories":[2,3,4],"tags":[],"class_list":["post-864","post","type-post","status-publish","format-standard","has-post-thumbnail","hentry","category-featured","category-politic","category-ultima-ora"],"_links":{"self":[{"href":"https:\/\/radarmedia.ro\/index.php\/wp-json\/wp\/v2\/posts\/864","targetHints":{"allow":["GET"]}}],"collection":[{"href":"https:\/\/radarmedia.ro\/index.php\/wp-json\/wp\/v2\/posts"}],"about":[{"href":"https:\/\/radarmedia.ro\/index.php\/wp-json\/wp\/v2\/types\/post"}],"author":[{"embeddable":true,"href":"https:\/\/radarmedia.ro\/index.php\/wp-json\/wp\/v2\/users\/1"}],"replies":[{"embeddable":true,"href":"https:\/\/radarmedia.ro\/index.php\/wp-json\/wp\/v2\/comments?post=864"}],"version-history":[{"count":1,"href":"https:\/\/radarmedia.ro\/index.php\/wp-json\/wp\/v2\/posts\/864\/revisions"}],"predecessor-version":[{"id":866,"href":"https:\/\/radarmedia.ro\/index.php\/wp-json\/wp\/v2\/posts\/864\/revisions\/866"}],"wp:featuredmedia":[{"embeddable":true,"href":"https:\/\/radarmedia.ro\/index.php\/wp-json\/wp\/v2\/media\/865"}],"wp:attachment":[{"href":"https:\/\/radarmedia.ro\/index.php\/wp-json\/wp\/v2\/media?parent=864"}],"wp:term":[{"taxonomy":"category","embeddable":true,"href":"https:\/\/radarmedia.ro\/index.php\/wp-json\/wp\/v2\/categories?post=864"},{"taxonomy":"post_tag","embeddable":true,"href":"https:\/\/radarmedia.ro\/index.php\/wp-json\/wp\/v2\/tags?post=864"}],"curies":[{"name":"wp","href":"https:\/\/api.w.org\/{rel}","templated":true}]}}