{"id":867,"date":"2021-07-09T07:42:13","date_gmt":"2021-07-09T04:42:13","guid":{"rendered":"http:\/\/radarmedia.ro\/?p=867"},"modified":"2021-07-09T07:42:13","modified_gmt":"2021-07-09T04:42:13","slug":"timbre-cu-tudor-vladimirescu-si-carti-ale-revolutiei-lansate-la-targu-jiu","status":"publish","type":"post","link":"https:\/\/radarmedia.ro\/index.php\/2021\/07\/09\/timbre-cu-tudor-vladimirescu-si-carti-ale-revolutiei-lansate-la-targu-jiu\/","title":{"rendered":"Timbre cu Tudor Vladimirescu \u0219i c\u0103r\u021bi ale revolu\u021biei, lansate la T\u00e2rgu Jiu"},"content":{"rendered":"<p><strong>Trei c\u0103r\u021bi \u0219i o emisiune filatelic\u0103, dedicate \u201dAnului Tudor Vladimirescu\u201d, 200 de ani de la Revolu\u021bia lui Tudor Vladimirescu, au fost lansate joi, 8 iulie, la Colegiul Na\u021bional \u201dTudor Vladimirescu\u201d, organizatorul principal al acestui eveniment fiind Asocia\u021bia Excelsior pentru Excelen\u021b\u0103 \u00een Educa\u021bie.<\/strong><\/p>\n<p>Cele trei c\u0103r\u021bi au fost prezentate de directorul Muzeului Na\u021bional al Literaturii Rom\u00e2ne, Ioan Cristescu, deoarece au fost tip\u0103rite sub egida Editurii Muzeului, \u00een parteneriat cu Academia Rom\u00e2n\u0103. Parteneri \u00een acest proiect sus\u021binut \u0219i de Guvernul Rom\u00e2niei sunt \u0219i Muzeul Na\u021bional al Literaturii Rom\u00e2ne \u0219i Romfilatelia.<\/p>\n<p>Este vorba despre urm\u0103toarele titluri: \u201d200 de ani de la mi\u0219carea lui Tudor Vladimirescu. Antologie de studii\u201d, editor: Bogdan Mateescu, \u201dIstoria Revolu\u021biunii Rom\u00e2ne de la 1821 de C.D. Aricescu\u201d \u0219i\u00a0 \u201d1821. Tudor Vladimirescu. Surse redescoperite\u201d., editor: Alin Ciupal\u0103.<\/p>\n<p>De asemenea, a fost dezvelit panoul cu timbrele dedicate lui Tudor Vladimirescu, proiect realizat de Romfilatelia, la solicitarea Asocia\u021biei Excelsior pentru Excelen\u021b\u0103 \u00een Educa\u021bie.<\/p>\n<p>Momentul a fost emo\u021bionant deoarece panoul, care con\u021bine timbre \u0219i imagini cu Tudor Vladimirescu \u00een diferite ipostaze, a fost semnat at\u00e2t de organizatori \u0219i invita\u021bi la eveniment, dar \u0219i de c\u0103tre profesori ai Colegiului Na\u021bional \u201dTudor Vladimirescu\u201d (CNTV). Panoul va fi donat de asocia\u021bia Excelsior muzeului \u201dIuliu Moisil\u201d al Colegiului \u201dTudor Vladimirescu\u201d \u0219i va con\u021bine inclusiv semn\u0103tura academicianului Ioan-Aurel Pop.<\/p>\n<p>Pre\u0219edintele Academiei Rom\u00e2ne, Ioan-Aurel Pop, nu a mai ajuns la T\u00e2rgu Jiu, deoarece a suferit un accident, iar starea de s\u0103n\u0103tate nu i-a permis s\u0103 se deplaseze pe o distan\u021b\u0103 at\u00e2t de mare, \u00eens\u0103 a transmis un mesaj video \u0219i promisiunea c\u0103 va veni \u00een jude\u021bul nostru cu proxima ocazie: \u201dMi-ar fi pl\u0103cut s\u0103 fiu al\u0103turi de dvs, pe viu, la T\u00e2rgu Jiu. (\u2026) Obliga\u021bia noastr\u0103 este s\u0103-i continu\u0103m amintirea lui Tudor Vladimirescu. Eroii nu mor c\u00e2nd r\u0103m\u00e2n \u00een amintirile noastre. Pentru na\u021biunea rom\u00e2n\u0103 modern\u0103, Tudor Vladimirescu a judecat rolul de p\u0103rinte al patriei\u201d, a spus pre\u0219edintele Academiei Rom\u00e2ne, Ioan-Aurel Pop.<\/p>\n<p>Au vorbit \u00een cadrul evenimentului Nicolae Br\u00e2nzea, de la Departamentul Serviciul de Dezvoltare Comunitara\u0306 din cadrul Secretariatului General al Guvernului Rom\u00e2niei, Prof. univ. dr. Ioan Cristescu, director al Muzeului Nat\u0327ional al Literaturii Rom\u00e2ne, Claudiu M\u0103r\u0103cine, profesor al Colegiului \u201dTudor\u201d, olimpicul la istorie Alecsis Ro\u0219ca, dar \u0219i Alexandru Bartoc, pre\u0219edintele Funda\u021biei Culturale \u201dBartoc\u201d. Alexandru Bartoc a d\u0103ruit cinci diplome \u0219i medalii dedicate \u201dAnului Tudor Vladimirescu\u201d. Evenimentul a fost moderat de directorul CNTV, Cristina Goan\u021b\u0103.<\/p>\n<p>\u00cen deschiderea evenimentului de lansare a c\u0103r\u021bilor, actorul Eugen Titu a recitat Proclama\u021bia de la Pade\u0219. Totodat\u0103, CNTV a dezvelit placheta cu numele muzeului colegiului- Iuliu Moisil.<\/p>\n<p>Un eveniment similar a avut loc \u00een data de 22 iunie \u00een Aula Academiei Rom\u00e2ne, aceste ac\u021biuni av\u00e2nd rolul de a celebra personalitatea lui Tudor Vladimirescu \u0219i consecin\u021bele benefice ale revolu\u021biei pornit\u0103 \u00een Oltenia, la ini\u021biativa Asocia\u021biei Excelsior pentru Excelen\u021b\u0103 \u00een Educa\u021bie.<\/p>\n<p>Iulian Popescu, pre\u0219edintele executiv al asocia\u021biei, a declarat c\u0103 va continua cu astfel de ac\u021biuni care au rolul de a promova jude\u021bul \u0219i personalit\u0103\u021bile sale. \u00cen 2020, acesta a reeditat \u201dIstoria T\u00e2rgu Jiului\u201d, o carte scris\u0103 de Alexandru \u0218tefulescu, iar p\u00e2n\u0103 la finalul anului va mai fi lansat\u0103 o alt\u0103 carte ce face parte din colec\u021bia \u201dC\u0103r\u021bi Fundamentale ale Gorjului\u201d.<\/p>\n<p><em>Sursa:<\/em> Biroul de pres\u0103, Asocia\u021bia Excelsior pentru Excelen\u021b\u0103 \u00een Educa\u021bie<\/p>\n<p><img loading=\"lazy\" decoding=\"async\" class=\"alignleft size-medium wp-image-871\" src=\"http:\/\/radarmedia.ro\/wp-content\/uploads\/2021\/07\/tudor-300x200.jpg\" alt=\"\" width=\"300\" height=\"200\" srcset=\"https:\/\/radarmedia.ro\/wp-content\/uploads\/2021\/07\/tudor-300x200.jpg 300w, https:\/\/radarmedia.ro\/wp-content\/uploads\/2021\/07\/tudor-1024x683.jpg 1024w, https:\/\/radarmedia.ro\/wp-content\/uploads\/2021\/07\/tudor-768x512.jpg 768w, https:\/\/radarmedia.ro\/wp-content\/uploads\/2021\/07\/tudor-1536x1025.jpg 1536w, https:\/\/radarmedia.ro\/wp-content\/uploads\/2021\/07\/tudor-696x464.jpg 696w, https:\/\/radarmedia.ro\/wp-content\/uploads\/2021\/07\/tudor-1068x713.jpg 1068w, https:\/\/radarmedia.ro\/wp-content\/uploads\/2021\/07\/tudor-629x420.jpg 629w, https:\/\/radarmedia.ro\/wp-content\/uploads\/2021\/07\/tudor.jpg 1875w\" sizes=\"auto, (max-width: 300px) 100vw, 300px\" \/><img loading=\"lazy\" decoding=\"async\" class=\"alignleft size-medium wp-image-870\" src=\"http:\/\/radarmedia.ro\/wp-content\/uploads\/2021\/07\/mocioi-300x200.jpg\" alt=\"\" width=\"300\" height=\"200\" srcset=\"https:\/\/radarmedia.ro\/wp-content\/uploads\/2021\/07\/mocioi-300x200.jpg 300w, https:\/\/radarmedia.ro\/wp-content\/uploads\/2021\/07\/mocioi-1024x683.jpg 1024w, https:\/\/radarmedia.ro\/wp-content\/uploads\/2021\/07\/mocioi-768x512.jpg 768w, https:\/\/radarmedia.ro\/wp-content\/uploads\/2021\/07\/mocioi-1536x1025.jpg 1536w, https:\/\/radarmedia.ro\/wp-content\/uploads\/2021\/07\/mocioi-696x464.jpg 696w, https:\/\/radarmedia.ro\/wp-content\/uploads\/2021\/07\/mocioi-1068x713.jpg 1068w, https:\/\/radarmedia.ro\/wp-content\/uploads\/2021\/07\/mocioi-629x420.jpg 629w, https:\/\/radarmedia.ro\/wp-content\/uploads\/2021\/07\/mocioi.jpg 1875w\" sizes=\"auto, (max-width: 300px) 100vw, 300px\" \/><img loading=\"lazy\" decoding=\"async\" class=\"alignleft size-medium wp-image-872\" src=\"http:\/\/radarmedia.ro\/wp-content\/uploads\/2021\/07\/timbre-300x200.jpg\" alt=\"\" width=\"300\" height=\"200\" srcset=\"https:\/\/radarmedia.ro\/wp-content\/uploads\/2021\/07\/timbre-300x200.jpg 300w, https:\/\/radarmedia.ro\/wp-content\/uploads\/2021\/07\/timbre-1024x683.jpg 1024w, https:\/\/radarmedia.ro\/wp-content\/uploads\/2021\/07\/timbre-768x512.jpg 768w, https:\/\/radarmedia.ro\/wp-content\/uploads\/2021\/07\/timbre-1536x1025.jpg 1536w, https:\/\/radarmedia.ro\/wp-content\/uploads\/2021\/07\/timbre-696x464.jpg 696w, https:\/\/radarmedia.ro\/wp-content\/uploads\/2021\/07\/timbre-1068x713.jpg 1068w, https:\/\/radarmedia.ro\/wp-content\/uploads\/2021\/07\/timbre-629x420.jpg 629w, https:\/\/radarmedia.ro\/wp-content\/uploads\/2021\/07\/timbre.jpg 1875w\" sizes=\"auto, (max-width: 300px) 100vw, 300px\" \/><\/p>\n","protected":false},"excerpt":{"rendered":"<p class=\"text-justify mb-2\" >Trei c\u0103r\u021bi \u0219i o emisiune filatelic\u0103, dedicate \u201dAnului Tudor Vladimirescu\u201d, 200 de ani de la Revolu\u021bia lui Tudor Vladimirescu, au fost lansate joi, 8 iulie, la Colegiul Na\u021bional \u201dTudor Vladimirescu\u201d, organizatorul principal al acestui eveniment fiind Asocia\u021bia Excelsior pentru Excelen\u021b\u0103 \u00een Educa\u021bie. Cele trei c\u0103r\u021bi [&hellip;]<\/p>\n","protected":false},"author":1,"featured_media":869,"comment_status":"open","ping_status":"open","sticky":false,"template":"","format":"standard","meta":{"footnotes":""},"categories":[2,6,4],"tags":[],"class_list":["post-867","post","type-post","status-publish","format-standard","has-post-thumbnail","hentry","category-featured","category-national","category-ultima-ora"],"_links":{"self":[{"href":"https:\/\/radarmedia.ro\/index.php\/wp-json\/wp\/v2\/posts\/867","targetHints":{"allow":["GET"]}}],"collection":[{"href":"https:\/\/radarmedia.ro\/index.php\/wp-json\/wp\/v2\/posts"}],"about":[{"href":"https:\/\/radarmedia.ro\/index.php\/wp-json\/wp\/v2\/types\/post"}],"author":[{"embeddable":true,"href":"https:\/\/radarmedia.ro\/index.php\/wp-json\/wp\/v2\/users\/1"}],"replies":[{"embeddable":true,"href":"https:\/\/radarmedia.ro\/index.php\/wp-json\/wp\/v2\/comments?post=867"}],"version-history":[{"count":1,"href":"https:\/\/radarmedia.ro\/index.php\/wp-json\/wp\/v2\/posts\/867\/revisions"}],"predecessor-version":[{"id":873,"href":"https:\/\/radarmedia.ro\/index.php\/wp-json\/wp\/v2\/posts\/867\/revisions\/873"}],"wp:featuredmedia":[{"embeddable":true,"href":"https:\/\/radarmedia.ro\/index.php\/wp-json\/wp\/v2\/media\/869"}],"wp:attachment":[{"href":"https:\/\/radarmedia.ro\/index.php\/wp-json\/wp\/v2\/media?parent=867"}],"wp:term":[{"taxonomy":"category","embeddable":true,"href":"https:\/\/radarmedia.ro\/index.php\/wp-json\/wp\/v2\/categories?post=867"},{"taxonomy":"post_tag","embeddable":true,"href":"https:\/\/radarmedia.ro\/index.php\/wp-json\/wp\/v2\/tags?post=867"}],"curies":[{"name":"wp","href":"https:\/\/api.w.org\/{rel}","templated":true}]}}