{"id":874,"date":"2021-07-09T11:50:45","date_gmt":"2021-07-09T08:50:45","guid":{"rendered":"http:\/\/radarmedia.ro\/?p=874"},"modified":"2021-07-09T11:58:11","modified_gmt":"2021-07-09T08:58:11","slug":"ursul-a-cazut-in-lat-mergea-la-cimitir","status":"publish","type":"post","link":"https:\/\/radarmedia.ro\/index.php\/2021\/07\/09\/ursul-a-cazut-in-lat-mergea-la-cimitir\/","title":{"rendered":"Ursul a c\u0103zut \u00een la\u021b. Mergea la cimitir"},"content":{"rendered":"<p>Un urs a r\u0103mas blocat \u00eentr-un la\u021b, pus de localnicii din Crasna, \u00een apropierea cimitirului. Animalul, care este unul adult, a fost auzit de oameni, care, ne\u0219tiind ce s\u0103 fac\u0103, au anun\u021bat autorit\u0103\u021bile locale. O echip\u0103 de la Direc\u021bia Sanitar Veterinar\u0103 a f\u0103cut demersurile, pentru tranchilizarea ursului \u0219i eliberarea lui, \u00een p\u0103dure. Jandarmii montani se afl\u0103 la locul respectiv, pentru a securiza zona.<\/p>\n","protected":false},"excerpt":{"rendered":"<p class=\"text-justify mb-2\" >Un urs a r\u0103mas blocat \u00eentr-un la\u021b, pus de localnicii din Crasna, \u00een apropierea cimitirului. Animalul, care este unul adult, a fost auzit de oameni, care, ne\u0219tiind ce s\u0103 fac\u0103, au anun\u021bat autorit\u0103\u021bile locale. O echip\u0103 de la Direc\u021bia Sanitar Veterinar\u0103 a f\u0103cut demersurile, pentru [&hellip;]<\/p>\n","protected":false},"author":1,"featured_media":875,"comment_status":"open","ping_status":"open","sticky":false,"template":"","format":"standard","meta":{"footnotes":""},"categories":[13,2,6,4],"tags":[],"class_list":["post-874","post","type-post","status-publish","format-standard","has-post-thumbnail","hentry","category-eveniment","category-featured","category-national","category-ultima-ora"],"_links":{"self":[{"href":"https:\/\/radarmedia.ro\/index.php\/wp-json\/wp\/v2\/posts\/874","targetHints":{"allow":["GET"]}}],"collection":[{"href":"https:\/\/radarmedia.ro\/index.php\/wp-json\/wp\/v2\/posts"}],"about":[{"href":"https:\/\/radarmedia.ro\/index.php\/wp-json\/wp\/v2\/types\/post"}],"author":[{"embeddable":true,"href":"https:\/\/radarmedia.ro\/index.php\/wp-json\/wp\/v2\/users\/1"}],"replies":[{"embeddable":true,"href":"https:\/\/radarmedia.ro\/index.php\/wp-json\/wp\/v2\/comments?post=874"}],"version-history":[{"count":3,"href":"https:\/\/radarmedia.ro\/index.php\/wp-json\/wp\/v2\/posts\/874\/revisions"}],"predecessor-version":[{"id":878,"href":"https:\/\/radarmedia.ro\/index.php\/wp-json\/wp\/v2\/posts\/874\/revisions\/878"}],"wp:featuredmedia":[{"embeddable":true,"href":"https:\/\/radarmedia.ro\/index.php\/wp-json\/wp\/v2\/media\/875"}],"wp:attachment":[{"href":"https:\/\/radarmedia.ro\/index.php\/wp-json\/wp\/v2\/media?parent=874"}],"wp:term":[{"taxonomy":"category","embeddable":true,"href":"https:\/\/radarmedia.ro\/index.php\/wp-json\/wp\/v2\/categories?post=874"},{"taxonomy":"post_tag","embeddable":true,"href":"https:\/\/radarmedia.ro\/index.php\/wp-json\/wp\/v2\/tags?post=874"}],"curies":[{"name":"wp","href":"https:\/\/api.w.org\/{rel}","templated":true}]}}